{"id":96837,"date":"2021-08-03T10:53:34","date_gmt":"2021-08-03T13:53:34","guid":{"rendered":"https:\/\/eldiariodesanpedro.com.ar\/sitio\/?p=96837"},"modified":"2021-08-03T10:53:39","modified_gmt":"2021-08-03T13:53:39","slug":"ramon-salazar-visito-las-instalaciones-de-tom-jug","status":"publish","type":"post","link":"https:\/\/eldiariodesanpedro.com.ar\/sitio\/ramon-salazar-visito-las-instalaciones-de-tom-jug\/","title":{"rendered":"Ram\u00f3n Salazar visit\u00f3 las instalaciones de Tom Jug"},"content":{"rendered":"<!-- VideographyWP Plugin Message: Automatic video embedding prevented by plugin options. -->\n\n<p>El Secretario de Coordinaci\u00f3n Ram\u00f3n Salazar y el Coordinador de Producci\u00f3n Hugo Ram\u00edrez realizaron una visita al establecimiento Tom Jug ubicado en Ruta 1001 KM 10, frente al primer acceso a R\u00edo Tala en la salida de San Pedro.<\/p>\n\n\n\n<p>All\u00ed fueron recibidos por el gerente Bautista Contreras quien acompa\u00f1\u00f3 a los funcionarios en una visita por las instalaciones en plena operaci\u00f3n.<\/p>\n\n\n\n<p>Tom Jug es una de las empresas con mayor proyecci\u00f3n de la regi\u00f3n en la selecci\u00f3n, clasificaci\u00f3n y envasado de frutas frescas con destino a la exportaci\u00f3n.<\/p>\n\n\n\n<p>Durante estos d\u00edas con una dotaci\u00f3n de personal muy importante trabajan en el procesamiento de limones que son seleccionados y envasados para pr\u00f3ximos despachos. Cabe destacar la importante inversi\u00f3n realizada en maquinaria de \u00faltima generaci\u00f3n y las condiciones de trabajo ejemplares que se perciben ante el recorrido de las instalaciones.<\/p>\n\n\n\n<p>Desde la Municipalidad de San Pedro se mantiene un v\u00ednculo estrecho con la empresa que en otras oportunidades ha sido visitada por el Intendente, destacando su constante apuesta a la superaci\u00f3n en su expansi\u00f3n y su volumen de trabajo.<\/p>\n\n\n\n<figure class=\"wp-block-image size-large\"><img decoding=\"async\" width=\"768\" height=\"1024\" data-attachment-id=\"96840\" data-permalink=\"https:\/\/eldiariodesanpedro.com.ar\/sitio\/ramon-salazar-visito-las-instalaciones-de-tom-jug\/whatsapp-image-2021-08-03-at-09-00-02-2-1\/\" data-orig-file=\"https:\/\/eldiariodesanpedro.com.ar\/sitio\/wp-content\/uploads\/2021\/08\/WhatsApp-Image-2021-08-03-at-09.00.02-2-1.jpeg\" data-orig-size=\"960,1280\" data-comments-opened=\"0\" data-image-meta=\"{&quot;aperture&quot;:&quot;0&quot;,&quot;credit&quot;:&quot;&quot;,&quot;camera&quot;:&quot;&quot;,&quot;caption&quot;:&quot;&quot;,&quot;created_timestamp&quot;:&quot;0&quot;,&quot;copyright&quot;:&quot;&quot;,&quot;focal_length&quot;:&quot;0&quot;,&quot;iso&quot;:&quot;0&quot;,&quot;shutter_speed&quot;:&quot;0&quot;,&quot;title&quot;:&quot;&quot;,&quot;orientation&quot;:&quot;0&quot;}\" data-image-title=\"WhatsApp-Image-2021-08-03-at-09.00.02-2-1\" data-image-description=\"\" data-image-caption=\"\" data-large-file=\"https:\/\/eldiariodesanpedro.com.ar\/sitio\/wp-content\/uploads\/2021\/08\/WhatsApp-Image-2021-08-03-at-09.00.02-2-1-768x1024.jpeg\" data-src=\"https:\/\/eldiariodesanpedro.com.ar\/sitio\/wp-content\/uploads\/2021\/08\/WhatsApp-Image-2021-08-03-at-09.00.02-2-1-768x1024.jpeg\" alt=\"\" class=\"wp-image-96840 lazyload\" data-srcset=\"https:\/\/eldiariodesanpedro.com.ar\/sitio\/wp-content\/uploads\/2021\/08\/WhatsApp-Image-2021-08-03-at-09.00.02-2-1-768x1024.jpeg 768w, https:\/\/eldiariodesanpedro.com.ar\/sitio\/wp-content\/uploads\/2021\/08\/WhatsApp-Image-2021-08-03-at-09.00.02-2-1-225x300.jpeg 225w, https:\/\/eldiariodesanpedro.com.ar\/sitio\/wp-content\/uploads\/2021\/08\/WhatsApp-Image-2021-08-03-at-09.00.02-2-1.jpeg 960w\" data-sizes=\"(max-width: 768px) 100vw, 768px\" src=\"data:image\/svg+xml;base64,PHN2ZyB3aWR0aD0iMSIgaGVpZ2h0PSIxIiB4bWxucz0iaHR0cDovL3d3dy53My5vcmcvMjAwMC9zdmciPjwvc3ZnPg==\" style=\"--smush-placeholder-width: 768px; --smush-placeholder-aspect-ratio: 768\/1024;\" \/><\/figure>\n\n\n\n<figure class=\"wp-block-image size-large\"><img decoding=\"async\" width=\"768\" height=\"1024\" data-attachment-id=\"96841\" data-permalink=\"https:\/\/eldiariodesanpedro.com.ar\/sitio\/ramon-salazar-visito-las-instalaciones-de-tom-jug\/whatsapp-image-2021-08-03-at-09-00-02-1\/\" data-orig-file=\"https:\/\/eldiariodesanpedro.com.ar\/sitio\/wp-content\/uploads\/2021\/08\/WhatsApp-Image-2021-08-03-at-09.00.02-1.jpeg\" data-orig-size=\"960,1280\" data-comments-opened=\"0\" data-image-meta=\"{&quot;aperture&quot;:&quot;0&quot;,&quot;credit&quot;:&quot;&quot;,&quot;camera&quot;:&quot;&quot;,&quot;caption&quot;:&quot;&quot;,&quot;created_timestamp&quot;:&quot;0&quot;,&quot;copyright&quot;:&quot;&quot;,&quot;focal_length&quot;:&quot;0&quot;,&quot;iso&quot;:&quot;0&quot;,&quot;shutter_speed&quot;:&quot;0&quot;,&quot;title&quot;:&quot;&quot;,&quot;orientation&quot;:&quot;0&quot;}\" data-image-title=\"WhatsApp Image 2021-08-03 at 09.00.02 (1)\" data-image-description=\"\" data-image-caption=\"\" data-large-file=\"https:\/\/eldiariodesanpedro.com.ar\/sitio\/wp-content\/uploads\/2021\/08\/WhatsApp-Image-2021-08-03-at-09.00.02-1-768x1024.jpeg\" data-src=\"https:\/\/eldiariodesanpedro.com.ar\/sitio\/wp-content\/uploads\/2021\/08\/WhatsApp-Image-2021-08-03-at-09.00.02-1-768x1024.jpeg\" alt=\"\" class=\"wp-image-96841 lazyload\" data-srcset=\"https:\/\/eldiariodesanpedro.com.ar\/sitio\/wp-content\/uploads\/2021\/08\/WhatsApp-Image-2021-08-03-at-09.00.02-1-768x1024.jpeg 768w, https:\/\/eldiariodesanpedro.com.ar\/sitio\/wp-content\/uploads\/2021\/08\/WhatsApp-Image-2021-08-03-at-09.00.02-1-225x300.jpeg 225w, https:\/\/eldiariodesanpedro.com.ar\/sitio\/wp-content\/uploads\/2021\/08\/WhatsApp-Image-2021-08-03-at-09.00.02-1.jpeg 960w\" data-sizes=\"(max-width: 768px) 100vw, 768px\" src=\"data:image\/svg+xml;base64,PHN2ZyB3aWR0aD0iMSIgaGVpZ2h0PSIxIiB4bWxucz0iaHR0cDovL3d3dy53My5vcmcvMjAwMC9zdmciPjwvc3ZnPg==\" style=\"--smush-placeholder-width: 768px; --smush-placeholder-aspect-ratio: 768\/1024;\" \/><\/figure>\n","protected":false},"excerpt":{"rendered":"<p>El Secretario de Coordinaci\u00f3n Ram\u00f3n Salazar y el Coordinador de Producci\u00f3n Hugo Ram\u00edrez realizaron una visita al establecimiento Tom Jug ubicado en Ruta 1001 KM 10, frente al primer acceso a R\u00edo Tala en la salida de San Pedro. All\u00ed fueron recibidos por el gerente Bautista Contreras quien acompa\u00f1\u00f3 a los funcionarios en una visita [&hellip;]<\/p>\n","protected":false},"author":4,"featured_media":96838,"comment_status":"closed","ping_status":"closed","sticky":false,"template":"","format":"standard","meta":{"om_disable_all_campaigns":false,"_jetpack_memberships_contains_paid_content":false,"footnotes":""},"categories":[101,2],"tags":[],"class_list":["post-96837","post","type-post","status-publish","format-standard","has-post-thumbnail","hentry","category-interes-general-locales","category-locales"],"aioseo_notices":[],"gutentor_comment":0,"jetpack_featured_media_url":"https:\/\/eldiariodesanpedro.com.ar\/sitio\/wp-content\/uploads\/2021\/08\/WhatsApp-Image-2021-08-03-at-09.00.02.jpeg","jetpack_shortlink":"https:\/\/wp.me\/p6RhLt-pbT","jetpack_sharing_enabled":true,"_links":{"self":[{"href":"https:\/\/eldiariodesanpedro.com.ar\/sitio\/wp-json\/wp\/v2\/posts\/96837","targetHints":{"allow":["GET"]}}],"collection":[{"href":"https:\/\/eldiariodesanpedro.com.ar\/sitio\/wp-json\/wp\/v2\/posts"}],"about":[{"href":"https:\/\/eldiariodesanpedro.com.ar\/sitio\/wp-json\/wp\/v2\/types\/post"}],"author":[{"embeddable":true,"href":"https:\/\/eldiariodesanpedro.com.ar\/sitio\/wp-json\/wp\/v2\/users\/4"}],"replies":[{"embeddable":true,"href":"https:\/\/eldiariodesanpedro.com.ar\/sitio\/wp-json\/wp\/v2\/comments?post=96837"}],"version-history":[{"count":1,"href":"https:\/\/eldiariodesanpedro.com.ar\/sitio\/wp-json\/wp\/v2\/posts\/96837\/revisions"}],"predecessor-version":[{"id":96842,"href":"https:\/\/eldiariodesanpedro.com.ar\/sitio\/wp-json\/wp\/v2\/posts\/96837\/revisions\/96842"}],"wp:featuredmedia":[{"embeddable":true,"href":"https:\/\/eldiariodesanpedro.com.ar\/sitio\/wp-json\/wp\/v2\/media\/96838"}],"wp:attachment":[{"href":"https:\/\/eldiariodesanpedro.com.ar\/sitio\/wp-json\/wp\/v2\/media?parent=96837"}],"wp:term":[{"taxonomy":"category","embeddable":true,"href":"https:\/\/eldiariodesanpedro.com.ar\/sitio\/wp-json\/wp\/v2\/categories?post=96837"},{"taxonomy":"post_tag","embeddable":true,"href":"https:\/\/eldiariodesanpedro.com.ar\/sitio\/wp-json\/wp\/v2\/tags?post=96837"}],"curies":[{"name":"wp","href":"https:\/\/api.w.org\/{rel}","templated":true}]}}