{"id":96832,"date":"2021-08-03T10:48:31","date_gmt":"2021-08-03T13:48:31","guid":{"rendered":"https:\/\/eldiariodesanpedro.com.ar\/sitio\/?p=96832"},"modified":"2021-08-03T10:48:35","modified_gmt":"2021-08-03T13:48:35","slug":"balance-positivo-de-las-vacaciones-de-invierno-en-san-pedro","status":"publish","type":"post","link":"https:\/\/eldiariodesanpedro.com.ar\/sitio\/balance-positivo-de-las-vacaciones-de-invierno-en-san-pedro\/","title":{"rendered":"Balance positivo de las vacaciones de invierno en San Pedro"},"content":{"rendered":"<!-- VideographyWP Plugin Message: Automatic video embedding prevented by plugin options. -->\n\n<p>La Secretar\u00eda de Turismo y Cultura de la Municipalidad de San Pedro informa que se trabaja en relevamiento de todos los sectores vinculados con la actividad tur\u00edstica, realizando una evaluaci\u00f3n muy positiva de las dos semanas de vacaciones de invierno que finalizaron este domingo.<\/p>\n\n\n\n<p>Cumpliendo con las medidas de seguridad y prevenci\u00f3n establecidas en el contexto actual de la Pandemia de Covid-19, todos los alojamientos registrados reflejaron una demanda muy importante que permiti\u00f3 consolidar la recuperaci\u00f3n evidenciada en la temporada de verano y tras un 2020 que caus\u00f3 un impacto sumamente negativo.<\/p>\n\n\n\n<p>El sector gastron\u00f3mico, comercial y de prestadores de servicios tambi\u00e9n relacionados con la actividad percibieron una demanda considerable que se vio reflejada en el transcurso de la segunda quincena de julio.<\/p>\n\n\n\n<p>Para el mes de agosto se trabaja en la planificaci\u00f3n del fin de semana largo de homenaje al General San Mart\u00edn que incluir\u00e1 una actividad especial junto a la Agrupaci\u00f3n Mallorca que reemplazar\u00e1 la tradicional Fiesta de la Ensaimada con una propuesta que ser\u00e1n compartidas en los pr\u00f3ximos d\u00edas.<\/p>\n\n\n\n<figure class=\"wp-block-image size-large\"><img decoding=\"async\" width=\"720\" height=\"539\" data-attachment-id=\"96835\" data-permalink=\"https:\/\/eldiariodesanpedro.com.ar\/sitio\/balance-positivo-de-las-vacaciones-de-invierno-en-san-pedro\/whatsapp-image-2021-08-03-at-07-40-18\/\" data-orig-file=\"https:\/\/eldiariodesanpedro.com.ar\/sitio\/wp-content\/uploads\/2021\/08\/WhatsApp-Image-2021-08-03-at-07.40.18.jpeg\" data-orig-size=\"720,539\" data-comments-opened=\"0\" data-image-meta=\"{&quot;aperture&quot;:&quot;0&quot;,&quot;credit&quot;:&quot;&quot;,&quot;camera&quot;:&quot;&quot;,&quot;caption&quot;:&quot;&quot;,&quot;created_timestamp&quot;:&quot;0&quot;,&quot;copyright&quot;:&quot;&quot;,&quot;focal_length&quot;:&quot;0&quot;,&quot;iso&quot;:&quot;0&quot;,&quot;shutter_speed&quot;:&quot;0&quot;,&quot;title&quot;:&quot;&quot;,&quot;orientation&quot;:&quot;0&quot;}\" data-image-title=\"WhatsApp Image 2021-08-03 at 07.40.18\" data-image-description=\"\" data-image-caption=\"\" data-large-file=\"https:\/\/eldiariodesanpedro.com.ar\/sitio\/wp-content\/uploads\/2021\/08\/WhatsApp-Image-2021-08-03-at-07.40.18.jpeg\" data-src=\"https:\/\/eldiariodesanpedro.com.ar\/sitio\/wp-content\/uploads\/2021\/08\/WhatsApp-Image-2021-08-03-at-07.40.18.jpeg\" alt=\"\" class=\"wp-image-96835 lazyload\" data-srcset=\"https:\/\/eldiariodesanpedro.com.ar\/sitio\/wp-content\/uploads\/2021\/08\/WhatsApp-Image-2021-08-03-at-07.40.18.jpeg 720w, https:\/\/eldiariodesanpedro.com.ar\/sitio\/wp-content\/uploads\/2021\/08\/WhatsApp-Image-2021-08-03-at-07.40.18-300x225.jpeg 300w, https:\/\/eldiariodesanpedro.com.ar\/sitio\/wp-content\/uploads\/2021\/08\/WhatsApp-Image-2021-08-03-at-07.40.18-500x375.jpeg 500w\" data-sizes=\"(max-width: 720px) 100vw, 720px\" src=\"data:image\/svg+xml;base64,PHN2ZyB3aWR0aD0iMSIgaGVpZ2h0PSIxIiB4bWxucz0iaHR0cDovL3d3dy53My5vcmcvMjAwMC9zdmciPjwvc3ZnPg==\" style=\"--smush-placeholder-width: 720px; --smush-placeholder-aspect-ratio: 720\/539;\" \/><\/figure>\n\n\n\n<figure class=\"wp-block-image size-large\"><img decoding=\"async\" width=\"720\" height=\"918\" data-attachment-id=\"96833\" data-permalink=\"https:\/\/eldiariodesanpedro.com.ar\/sitio\/balance-positivo-de-las-vacaciones-de-invierno-en-san-pedro\/whatsapp-image-2021-08-03-at-07-40-17-1\/\" data-orig-file=\"https:\/\/eldiariodesanpedro.com.ar\/sitio\/wp-content\/uploads\/2021\/08\/WhatsApp-Image-2021-08-03-at-07.40.17-1.jpeg\" data-orig-size=\"720,918\" data-comments-opened=\"0\" data-image-meta=\"{&quot;aperture&quot;:&quot;0&quot;,&quot;credit&quot;:&quot;&quot;,&quot;camera&quot;:&quot;&quot;,&quot;caption&quot;:&quot;&quot;,&quot;created_timestamp&quot;:&quot;0&quot;,&quot;copyright&quot;:&quot;&quot;,&quot;focal_length&quot;:&quot;0&quot;,&quot;iso&quot;:&quot;0&quot;,&quot;shutter_speed&quot;:&quot;0&quot;,&quot;title&quot;:&quot;&quot;,&quot;orientation&quot;:&quot;0&quot;}\" data-image-title=\"WhatsApp Image 2021-08-03 at 07.40.17 (1)\" data-image-description=\"\" data-image-caption=\"\" data-large-file=\"https:\/\/eldiariodesanpedro.com.ar\/sitio\/wp-content\/uploads\/2021\/08\/WhatsApp-Image-2021-08-03-at-07.40.17-1.jpeg\" data-src=\"https:\/\/eldiariodesanpedro.com.ar\/sitio\/wp-content\/uploads\/2021\/08\/WhatsApp-Image-2021-08-03-at-07.40.17-1.jpeg\" alt=\"\" class=\"wp-image-96833 lazyload\" data-srcset=\"https:\/\/eldiariodesanpedro.com.ar\/sitio\/wp-content\/uploads\/2021\/08\/WhatsApp-Image-2021-08-03-at-07.40.17-1.jpeg 720w, https:\/\/eldiariodesanpedro.com.ar\/sitio\/wp-content\/uploads\/2021\/08\/WhatsApp-Image-2021-08-03-at-07.40.17-1-235x300.jpeg 235w\" data-sizes=\"(max-width: 720px) 100vw, 720px\" src=\"data:image\/svg+xml;base64,PHN2ZyB3aWR0aD0iMSIgaGVpZ2h0PSIxIiB4bWxucz0iaHR0cDovL3d3dy53My5vcmcvMjAwMC9zdmciPjwvc3ZnPg==\" style=\"--smush-placeholder-width: 720px; --smush-placeholder-aspect-ratio: 720\/918;\" \/><\/figure>\n","protected":false},"excerpt":{"rendered":"<p>La Secretar\u00eda de Turismo y Cultura de la Municipalidad de San Pedro informa que se trabaja en relevamiento de todos los sectores vinculados con la actividad tur\u00edstica, realizando una evaluaci\u00f3n muy positiva de las dos semanas de vacaciones de invierno que finalizaron este domingo. Cumpliendo con las medidas de seguridad y prevenci\u00f3n establecidas en el [&hellip;]<\/p>\n","protected":false},"author":4,"featured_media":96834,"comment_status":"closed","ping_status":"closed","sticky":false,"template":"","format":"standard","meta":{"om_disable_all_campaigns":false,"_jetpack_memberships_contains_paid_content":false,"footnotes":""},"categories":[50,101,2],"tags":[],"class_list":["post-96832","post","type-post","status-publish","format-standard","has-post-thumbnail","hentry","category-destacadas","category-interes-general-locales","category-locales"],"aioseo_notices":[],"gutentor_comment":0,"jetpack_featured_media_url":"https:\/\/eldiariodesanpedro.com.ar\/sitio\/wp-content\/uploads\/2021\/08\/WhatsApp-Image-2021-08-03-at-07.40.17.jpeg","jetpack_shortlink":"https:\/\/wp.me\/p6RhLt-pbO","jetpack_sharing_enabled":true,"_links":{"self":[{"href":"https:\/\/eldiariodesanpedro.com.ar\/sitio\/wp-json\/wp\/v2\/posts\/96832","targetHints":{"allow":["GET"]}}],"collection":[{"href":"https:\/\/eldiariodesanpedro.com.ar\/sitio\/wp-json\/wp\/v2\/posts"}],"about":[{"href":"https:\/\/eldiariodesanpedro.com.ar\/sitio\/wp-json\/wp\/v2\/types\/post"}],"author":[{"embeddable":true,"href":"https:\/\/eldiariodesanpedro.com.ar\/sitio\/wp-json\/wp\/v2\/users\/4"}],"replies":[{"embeddable":true,"href":"https:\/\/eldiariodesanpedro.com.ar\/sitio\/wp-json\/wp\/v2\/comments?post=96832"}],"version-history":[{"count":1,"href":"https:\/\/eldiariodesanpedro.com.ar\/sitio\/wp-json\/wp\/v2\/posts\/96832\/revisions"}],"predecessor-version":[{"id":96836,"href":"https:\/\/eldiariodesanpedro.com.ar\/sitio\/wp-json\/wp\/v2\/posts\/96832\/revisions\/96836"}],"wp:featuredmedia":[{"embeddable":true,"href":"https:\/\/eldiariodesanpedro.com.ar\/sitio\/wp-json\/wp\/v2\/media\/96834"}],"wp:attachment":[{"href":"https:\/\/eldiariodesanpedro.com.ar\/sitio\/wp-json\/wp\/v2\/media?parent=96832"}],"wp:term":[{"taxonomy":"category","embeddable":true,"href":"https:\/\/eldiariodesanpedro.com.ar\/sitio\/wp-json\/wp\/v2\/categories?post=96832"},{"taxonomy":"post_tag","embeddable":true,"href":"https:\/\/eldiariodesanpedro.com.ar\/sitio\/wp-json\/wp\/v2\/tags?post=96832"}],"curies":[{"name":"wp","href":"https:\/\/api.w.org\/{rel}","templated":true}]}}