{"id":96819,"date":"2021-08-02T20:10:21","date_gmt":"2021-08-02T23:10:21","guid":{"rendered":"https:\/\/eldiariodesanpedro.com.ar\/sitio\/?p=96819"},"modified":"2021-08-02T20:10:26","modified_gmt":"2021-08-02T23:10:26","slug":"jornada-record-de-vacunacion-794-en-un-solo-dia","status":"publish","type":"post","link":"https:\/\/eldiariodesanpedro.com.ar\/sitio\/jornada-record-de-vacunacion-794-en-un-solo-dia\/","title":{"rendered":"Jornada r\u00e9cord de vacunaci\u00f3n, 794 en un solo d\u00eda"},"content":{"rendered":"<!-- VideographyWP Plugin Message: Automatic video embedding prevented by plugin options. -->\n\n<p>La Coordinaci\u00f3n del Plan Vacunate San Pedro informa que en el d\u00eda de hoy se marc\u00f3 el r\u00e9cord de cantidad de dosis aplicadas en una jornada.<\/p>\n\n\n\n<p>Entre los turnos otorgados con anticipaci\u00f3n y las aplicaciones de dosis a quienes se acercaron por estar comprendidos dentro de los grupos et\u00e1reos que ya pueden recibir la primera dosis sin turno, se suministraron 794 dosis.<\/p>\n\n\n\n<p>En el d\u00eda de hoy en la posta sanitaria que funciona en el Club de Jubilados se vacun\u00f3 con primera y segunda dosis de la vacuna Sinopharm.<\/p>\n\n\n\n<p>Desde la Coordinaci\u00f3n del Plan y desde la Secretar\u00eda de Salud se destaca una vez m\u00e1s el trabajo de todos los que forman parte de esta tarea diaria en la que se comparten momentos muy emocionantes con vecinos y vecinas que cumplen con todas las indicaciones y viven con respeto y solidaridad este momento hist\u00f3rico.<\/p>\n\n\n\n<p>En la jornada de hoy se recibieron 500 dosis m\u00e1s de la vacuna Covishield y se aguarda la recepci\u00f3n de nuevos lotes para responder a los turnos y a los mayores de 18 a\u00f1os que se acerquen a recibir su primera dosis sin turno previo.<\/p>\n\n\n\n<p>Adem\u00e1s han comenzado a ser otorgados turnos para menores de entre 12 y 17 a\u00f1os con patolog\u00edas especiales que comenzar\u00e1n a ser vacunados en San Pedro desde la pr\u00f3xima semana.<\/p>\n\n\n\n<figure class=\"wp-block-image size-large\"><img decoding=\"async\" width=\"1024\" height=\"1024\" data-attachment-id=\"96821\" data-permalink=\"https:\/\/eldiariodesanpedro.com.ar\/sitio\/jornada-record-de-vacunacion-794-en-un-solo-dia\/whatsapp-image-2021-08-02-at-19-44-43\/\" data-orig-file=\"https:\/\/eldiariodesanpedro.com.ar\/sitio\/wp-content\/uploads\/2021\/08\/WhatsApp-Image-2021-08-02-at-19.44.43.jpeg\" data-orig-size=\"1080,1080\" data-comments-opened=\"0\" data-image-meta=\"{&quot;aperture&quot;:&quot;0&quot;,&quot;credit&quot;:&quot;&quot;,&quot;camera&quot;:&quot;&quot;,&quot;caption&quot;:&quot;&quot;,&quot;created_timestamp&quot;:&quot;0&quot;,&quot;copyright&quot;:&quot;&quot;,&quot;focal_length&quot;:&quot;0&quot;,&quot;iso&quot;:&quot;0&quot;,&quot;shutter_speed&quot;:&quot;0&quot;,&quot;title&quot;:&quot;&quot;,&quot;orientation&quot;:&quot;0&quot;}\" data-image-title=\"WhatsApp-Image-2021-08-02-at-19.44.43\" data-image-description=\"\" data-image-caption=\"\" data-large-file=\"https:\/\/eldiariodesanpedro.com.ar\/sitio\/wp-content\/uploads\/2021\/08\/WhatsApp-Image-2021-08-02-at-19.44.43-1024x1024.jpeg\" data-src=\"https:\/\/eldiariodesanpedro.com.ar\/sitio\/wp-content\/uploads\/2021\/08\/WhatsApp-Image-2021-08-02-at-19.44.43-1024x1024.jpeg\" alt=\"\" class=\"wp-image-96821 lazyload\" data-srcset=\"https:\/\/eldiariodesanpedro.com.ar\/sitio\/wp-content\/uploads\/2021\/08\/WhatsApp-Image-2021-08-02-at-19.44.43-1024x1024.jpeg 1024w, https:\/\/eldiariodesanpedro.com.ar\/sitio\/wp-content\/uploads\/2021\/08\/WhatsApp-Image-2021-08-02-at-19.44.43-300x300.jpeg 300w, https:\/\/eldiariodesanpedro.com.ar\/sitio\/wp-content\/uploads\/2021\/08\/WhatsApp-Image-2021-08-02-at-19.44.43-150x150.jpeg 150w, https:\/\/eldiariodesanpedro.com.ar\/sitio\/wp-content\/uploads\/2021\/08\/WhatsApp-Image-2021-08-02-at-19.44.43-768x768.jpeg 768w, https:\/\/eldiariodesanpedro.com.ar\/sitio\/wp-content\/uploads\/2021\/08\/WhatsApp-Image-2021-08-02-at-19.44.43.jpeg 1080w\" data-sizes=\"(max-width: 1024px) 100vw, 1024px\" src=\"data:image\/svg+xml;base64,PHN2ZyB3aWR0aD0iMSIgaGVpZ2h0PSIxIiB4bWxucz0iaHR0cDovL3d3dy53My5vcmcvMjAwMC9zdmciPjwvc3ZnPg==\" style=\"--smush-placeholder-width: 1024px; --smush-placeholder-aspect-ratio: 1024\/1024;\" \/><\/figure>\n","protected":false},"excerpt":{"rendered":"<p>La Coordinaci\u00f3n del Plan Vacunate San Pedro informa que en el d\u00eda de hoy se marc\u00f3 el r\u00e9cord de cantidad de dosis aplicadas en una jornada. Entre los turnos otorgados con anticipaci\u00f3n y las aplicaciones de dosis a quienes se acercaron por estar comprendidos dentro de los grupos et\u00e1reos que ya pueden recibir la primera [&hellip;]<\/p>\n","protected":false},"author":4,"featured_media":96820,"comment_status":"closed","ping_status":"closed","sticky":false,"template":"","format":"standard","meta":{"om_disable_all_campaigns":false,"_jetpack_memberships_contains_paid_content":false,"footnotes":""},"categories":[50,101,2],"tags":[],"class_list":["post-96819","post","type-post","status-publish","format-standard","has-post-thumbnail","hentry","category-destacadas","category-interes-general-locales","category-locales"],"aioseo_notices":[],"gutentor_comment":0,"jetpack_featured_media_url":"https:\/\/eldiariodesanpedro.com.ar\/sitio\/wp-content\/uploads\/2021\/08\/vacunacion-pba-1024x599-1.jpg","jetpack_shortlink":"https:\/\/wp.me\/p6RhLt-pbB","jetpack_sharing_enabled":true,"_links":{"self":[{"href":"https:\/\/eldiariodesanpedro.com.ar\/sitio\/wp-json\/wp\/v2\/posts\/96819","targetHints":{"allow":["GET"]}}],"collection":[{"href":"https:\/\/eldiariodesanpedro.com.ar\/sitio\/wp-json\/wp\/v2\/posts"}],"about":[{"href":"https:\/\/eldiariodesanpedro.com.ar\/sitio\/wp-json\/wp\/v2\/types\/post"}],"author":[{"embeddable":true,"href":"https:\/\/eldiariodesanpedro.com.ar\/sitio\/wp-json\/wp\/v2\/users\/4"}],"replies":[{"embeddable":true,"href":"https:\/\/eldiariodesanpedro.com.ar\/sitio\/wp-json\/wp\/v2\/comments?post=96819"}],"version-history":[{"count":1,"href":"https:\/\/eldiariodesanpedro.com.ar\/sitio\/wp-json\/wp\/v2\/posts\/96819\/revisions"}],"predecessor-version":[{"id":96822,"href":"https:\/\/eldiariodesanpedro.com.ar\/sitio\/wp-json\/wp\/v2\/posts\/96819\/revisions\/96822"}],"wp:featuredmedia":[{"embeddable":true,"href":"https:\/\/eldiariodesanpedro.com.ar\/sitio\/wp-json\/wp\/v2\/media\/96820"}],"wp:attachment":[{"href":"https:\/\/eldiariodesanpedro.com.ar\/sitio\/wp-json\/wp\/v2\/media?parent=96819"}],"wp:term":[{"taxonomy":"category","embeddable":true,"href":"https:\/\/eldiariodesanpedro.com.ar\/sitio\/wp-json\/wp\/v2\/categories?post=96819"},{"taxonomy":"post_tag","embeddable":true,"href":"https:\/\/eldiariodesanpedro.com.ar\/sitio\/wp-json\/wp\/v2\/tags?post=96819"}],"curies":[{"name":"wp","href":"https:\/\/api.w.org\/{rel}","templated":true}]}}