{"id":96812,"date":"2021-08-02T19:51:38","date_gmt":"2021-08-02T22:51:38","guid":{"rendered":"https:\/\/eldiariodesanpedro.com.ar\/sitio\/?p=96812"},"modified":"2021-08-02T19:51:42","modified_gmt":"2021-08-02T22:51:42","slug":"el-intendente-recibio-a-autoridades-de-anses-para-analizar-un-informe-sobre-la-inversion-en-san-pedro-y-la-implementacion-local-del-programa-de-beneficios","status":"publish","type":"post","link":"https:\/\/eldiariodesanpedro.com.ar\/sitio\/el-intendente-recibio-a-autoridades-de-anses-para-analizar-un-informe-sobre-la-inversion-en-san-pedro-y-la-implementacion-local-del-programa-de-beneficios\/","title":{"rendered":"El Intendente recibi\u00f3 a autoridades de ANSES para analizar un informe sobre la inversi\u00f3n en San Pedro y la implementaci\u00f3n local del Programa de Beneficios"},"content":{"rendered":"<!-- VideographyWP Plugin Message: Automatic video embedding prevented by plugin options. -->\n\n<p>El Intendente Municipal Cecilio Salazar recibi\u00f3 esta ma\u00f1ana en su despacho al Secretario General de ANSES Santiago Fraschina y a la Jefa de la UDAI San Pedro de ANSES, Tamara Vlaeminck.<\/p>\n\n\n\n<p>La reuni\u00f3n se concret\u00f3 como un anticipo de la presentaci\u00f3n oficial que se realizar\u00e1 en los pr\u00f3ximos d\u00edas sobre la firma del convenio de colaboraci\u00f3n entre el ANSES y la Municipalidad para la implementaci\u00f3n local del Programa de Beneficios ANSES.<\/p>\n\n\n\n<p>El programa propone una red de descuentos para acompa\u00f1ar a los beneficiarios y beneficiarias con la devoluci\u00f3n del 10% de todas las compras realizadas en los comercios adheridos, usando la tarjeta de d\u00e9bito con la que se cobra la prestaci\u00f3n. El tope m\u00e1ximo de devoluci\u00f3n es de hasta $1000 por cada compra y no hay l\u00edmites en la cantidad de operaciones.<\/p>\n\n\n\n<p>Podr\u00e1n acceder a este programa quienes reciban alguna de estas prestaciones de la seguridad social:<br>Jubilaciones y pensiones de ANSES, Pensiones no contributivas, Asignaci\u00f3n Universal por Hijo, Asignaci\u00f3n por Embarazo, Asignaci\u00f3n Familiar por Hijo, Asignaci\u00f3n por Prenatal, Prestaci\u00f3n por Desempleo, Progresar<br>Programas del Ministerio de Desarrollo Social, Jubilaciones y pensiones del IPS, BAPRO y Polic\u00eda de la Provincia de Buenos Aires.<\/p>\n\n\n\n<p>Estad\u00edsticas de inversi\u00f3n de ANSES en San Pedro<br>En la charla los representantes de la ANSES brindaron adem\u00e1s informaci\u00f3n sobre la importante presencia del organismo en el distrito que registra 11.358 jubilaciones y pensiones y 17.952 asignaciones familiares (incluyendo las AUH).<\/p>\n\n\n\n<p>Tambi\u00e9n se destacaron las acciones llevadas adelante desde el Estado Nacional en el contexto de la Pandemia de Covid-19 con el desarrollo de pol\u00edticas sociales para proteger los ingresos. Se analizaron importantes estad\u00edsticas que reflejan el impacto que las mismas han tenido en la econom\u00eda de San Pedro.<\/p>\n\n\n\n<p>Seg\u00fan la informaci\u00f3n que compartieron con el Intendente a trav\u00e9s del Ingreso Familiar de Emergencia fueron alcanzadas 13.552 personas, a trav\u00e9s del Programa ATP se acompa\u00f1\u00f3 a 377 empresas y 3.196 trabajadores, 696 trabajadores y trabajadoras percibieron el Bono Salud. Adem\u00e1s 52 empresas fueron comprendidas por el REPRO II sumando 573 trabajadoras\/es con una inversi\u00f3n de $ 11.432.700 pesos.<\/p>\n\n\n\n<figure class=\"wp-block-image size-large\"><img decoding=\"async\" width=\"1024\" height=\"723\" data-attachment-id=\"96813\" data-permalink=\"https:\/\/eldiariodesanpedro.com.ar\/sitio\/el-intendente-recibio-a-autoridades-de-anses-para-analizar-un-informe-sobre-la-inversion-en-san-pedro-y-la-implementacion-local-del-programa-de-beneficios\/whatsapp-image-2021-08-02-at-19-35-02\/\" data-orig-file=\"https:\/\/eldiariodesanpedro.com.ar\/sitio\/wp-content\/uploads\/2021\/08\/WhatsApp-Image-2021-08-02-at-19.35.02.jpeg\" data-orig-size=\"1280,904\" data-comments-opened=\"0\" data-image-meta=\"{&quot;aperture&quot;:&quot;0&quot;,&quot;credit&quot;:&quot;&quot;,&quot;camera&quot;:&quot;&quot;,&quot;caption&quot;:&quot;&quot;,&quot;created_timestamp&quot;:&quot;0&quot;,&quot;copyright&quot;:&quot;&quot;,&quot;focal_length&quot;:&quot;0&quot;,&quot;iso&quot;:&quot;0&quot;,&quot;shutter_speed&quot;:&quot;0&quot;,&quot;title&quot;:&quot;&quot;,&quot;orientation&quot;:&quot;0&quot;}\" data-image-title=\"WhatsApp Image 2021-08-02 at 19.35.02\" data-image-description=\"\" data-image-caption=\"\" data-large-file=\"https:\/\/eldiariodesanpedro.com.ar\/sitio\/wp-content\/uploads\/2021\/08\/WhatsApp-Image-2021-08-02-at-19.35.02-1024x723.jpeg\" data-src=\"https:\/\/eldiariodesanpedro.com.ar\/sitio\/wp-content\/uploads\/2021\/08\/WhatsApp-Image-2021-08-02-at-19.35.02-1024x723.jpeg\" alt=\"\" class=\"wp-image-96813 lazyload\" data-srcset=\"https:\/\/eldiariodesanpedro.com.ar\/sitio\/wp-content\/uploads\/2021\/08\/WhatsApp-Image-2021-08-02-at-19.35.02-1024x723.jpeg 1024w, https:\/\/eldiariodesanpedro.com.ar\/sitio\/wp-content\/uploads\/2021\/08\/WhatsApp-Image-2021-08-02-at-19.35.02-300x212.jpeg 300w, https:\/\/eldiariodesanpedro.com.ar\/sitio\/wp-content\/uploads\/2021\/08\/WhatsApp-Image-2021-08-02-at-19.35.02-768x542.jpeg 768w, https:\/\/eldiariodesanpedro.com.ar\/sitio\/wp-content\/uploads\/2021\/08\/WhatsApp-Image-2021-08-02-at-19.35.02.jpeg 1280w\" data-sizes=\"(max-width: 1024px) 100vw, 1024px\" src=\"data:image\/svg+xml;base64,PHN2ZyB3aWR0aD0iMSIgaGVpZ2h0PSIxIiB4bWxucz0iaHR0cDovL3d3dy53My5vcmcvMjAwMC9zdmciPjwvc3ZnPg==\" style=\"--smush-placeholder-width: 1024px; --smush-placeholder-aspect-ratio: 1024\/723;\" \/><\/figure>\n\n\n\n<figure class=\"wp-block-image size-large\"><img decoding=\"async\" width=\"1024\" height=\"678\" data-attachment-id=\"96815\" data-permalink=\"https:\/\/eldiariodesanpedro.com.ar\/sitio\/el-intendente-recibio-a-autoridades-de-anses-para-analizar-un-informe-sobre-la-inversion-en-san-pedro-y-la-implementacion-local-del-programa-de-beneficios\/whatsapp-image-2021-08-02-at-19-35-06-1\/\" data-orig-file=\"https:\/\/eldiariodesanpedro.com.ar\/sitio\/wp-content\/uploads\/2021\/08\/WhatsApp-Image-2021-08-02-at-19.35.06-1.jpeg\" data-orig-size=\"1280,848\" data-comments-opened=\"0\" data-image-meta=\"{&quot;aperture&quot;:&quot;0&quot;,&quot;credit&quot;:&quot;&quot;,&quot;camera&quot;:&quot;&quot;,&quot;caption&quot;:&quot;&quot;,&quot;created_timestamp&quot;:&quot;0&quot;,&quot;copyright&quot;:&quot;&quot;,&quot;focal_length&quot;:&quot;0&quot;,&quot;iso&quot;:&quot;0&quot;,&quot;shutter_speed&quot;:&quot;0&quot;,&quot;title&quot;:&quot;&quot;,&quot;orientation&quot;:&quot;0&quot;}\" data-image-title=\"WhatsApp Image 2021-08-02 at 19.35.06 (1)\" data-image-description=\"\" data-image-caption=\"\" data-large-file=\"https:\/\/eldiariodesanpedro.com.ar\/sitio\/wp-content\/uploads\/2021\/08\/WhatsApp-Image-2021-08-02-at-19.35.06-1-1024x678.jpeg\" data-src=\"https:\/\/eldiariodesanpedro.com.ar\/sitio\/wp-content\/uploads\/2021\/08\/WhatsApp-Image-2021-08-02-at-19.35.06-1-1024x678.jpeg\" alt=\"\" class=\"wp-image-96815 lazyload\" data-srcset=\"https:\/\/eldiariodesanpedro.com.ar\/sitio\/wp-content\/uploads\/2021\/08\/WhatsApp-Image-2021-08-02-at-19.35.06-1-1024x678.jpeg 1024w, https:\/\/eldiariodesanpedro.com.ar\/sitio\/wp-content\/uploads\/2021\/08\/WhatsApp-Image-2021-08-02-at-19.35.06-1-300x199.jpeg 300w, https:\/\/eldiariodesanpedro.com.ar\/sitio\/wp-content\/uploads\/2021\/08\/WhatsApp-Image-2021-08-02-at-19.35.06-1-768x509.jpeg 768w, https:\/\/eldiariodesanpedro.com.ar\/sitio\/wp-content\/uploads\/2021\/08\/WhatsApp-Image-2021-08-02-at-19.35.06-1.jpeg 1280w\" data-sizes=\"(max-width: 1024px) 100vw, 1024px\" src=\"data:image\/svg+xml;base64,PHN2ZyB3aWR0aD0iMSIgaGVpZ2h0PSIxIiB4bWxucz0iaHR0cDovL3d3dy53My5vcmcvMjAwMC9zdmciPjwvc3ZnPg==\" style=\"--smush-placeholder-width: 1024px; --smush-placeholder-aspect-ratio: 1024\/678;\" \/><\/figure>\n\n\n\n<figure class=\"wp-block-image size-large\"><img decoding=\"async\" width=\"1024\" height=\"697\" data-attachment-id=\"96816\" data-permalink=\"https:\/\/eldiariodesanpedro.com.ar\/sitio\/el-intendente-recibio-a-autoridades-de-anses-para-analizar-un-informe-sobre-la-inversion-en-san-pedro-y-la-implementacion-local-del-programa-de-beneficios\/whatsapp-image-2021-08-02-at-19-35-06\/\" data-orig-file=\"https:\/\/eldiariodesanpedro.com.ar\/sitio\/wp-content\/uploads\/2021\/08\/WhatsApp-Image-2021-08-02-at-19.35.06.jpeg\" data-orig-size=\"1280,871\" data-comments-opened=\"0\" data-image-meta=\"{&quot;aperture&quot;:&quot;0&quot;,&quot;credit&quot;:&quot;&quot;,&quot;camera&quot;:&quot;&quot;,&quot;caption&quot;:&quot;&quot;,&quot;created_timestamp&quot;:&quot;0&quot;,&quot;copyright&quot;:&quot;&quot;,&quot;focal_length&quot;:&quot;0&quot;,&quot;iso&quot;:&quot;0&quot;,&quot;shutter_speed&quot;:&quot;0&quot;,&quot;title&quot;:&quot;&quot;,&quot;orientation&quot;:&quot;0&quot;}\" data-image-title=\"WhatsApp Image 2021-08-02 at 19.35.06\" data-image-description=\"\" data-image-caption=\"\" data-large-file=\"https:\/\/eldiariodesanpedro.com.ar\/sitio\/wp-content\/uploads\/2021\/08\/WhatsApp-Image-2021-08-02-at-19.35.06-1024x697.jpeg\" data-src=\"https:\/\/eldiariodesanpedro.com.ar\/sitio\/wp-content\/uploads\/2021\/08\/WhatsApp-Image-2021-08-02-at-19.35.06-1024x697.jpeg\" alt=\"\" class=\"wp-image-96816 lazyload\" data-srcset=\"https:\/\/eldiariodesanpedro.com.ar\/sitio\/wp-content\/uploads\/2021\/08\/WhatsApp-Image-2021-08-02-at-19.35.06-1024x697.jpeg 1024w, https:\/\/eldiariodesanpedro.com.ar\/sitio\/wp-content\/uploads\/2021\/08\/WhatsApp-Image-2021-08-02-at-19.35.06-300x204.jpeg 300w, https:\/\/eldiariodesanpedro.com.ar\/sitio\/wp-content\/uploads\/2021\/08\/WhatsApp-Image-2021-08-02-at-19.35.06-768x523.jpeg 768w, https:\/\/eldiariodesanpedro.com.ar\/sitio\/wp-content\/uploads\/2021\/08\/WhatsApp-Image-2021-08-02-at-19.35.06.jpeg 1280w\" data-sizes=\"(max-width: 1024px) 100vw, 1024px\" src=\"data:image\/svg+xml;base64,PHN2ZyB3aWR0aD0iMSIgaGVpZ2h0PSIxIiB4bWxucz0iaHR0cDovL3d3dy53My5vcmcvMjAwMC9zdmciPjwvc3ZnPg==\" style=\"--smush-placeholder-width: 1024px; --smush-placeholder-aspect-ratio: 1024\/697;\" \/><\/figure>\n","protected":false},"excerpt":{"rendered":"<p>El Intendente Municipal Cecilio Salazar recibi\u00f3 esta ma\u00f1ana en su despacho al Secretario General de ANSES Santiago Fraschina y a la Jefa de la UDAI San Pedro de ANSES, Tamara Vlaeminck. La reuni\u00f3n se concret\u00f3 como un anticipo de la presentaci\u00f3n oficial que se realizar\u00e1 en los pr\u00f3ximos d\u00edas sobre la firma del convenio de [&hellip;]<\/p>\n","protected":false},"author":4,"featured_media":96814,"comment_status":"closed","ping_status":"closed","sticky":false,"template":"","format":"standard","meta":{"om_disable_all_campaigns":false,"_jetpack_memberships_contains_paid_content":false,"footnotes":""},"categories":[101,2],"tags":[],"class_list":["post-96812","post","type-post","status-publish","format-standard","has-post-thumbnail","hentry","category-interes-general-locales","category-locales"],"aioseo_notices":[],"gutentor_comment":0,"jetpack_featured_media_url":"https:\/\/eldiariodesanpedro.com.ar\/sitio\/wp-content\/uploads\/2021\/08\/WhatsApp-Image-2021-08-02-at-19.35.05.jpeg","jetpack_shortlink":"https:\/\/wp.me\/p6RhLt-pbu","jetpack_sharing_enabled":true,"_links":{"self":[{"href":"https:\/\/eldiariodesanpedro.com.ar\/sitio\/wp-json\/wp\/v2\/posts\/96812","targetHints":{"allow":["GET"]}}],"collection":[{"href":"https:\/\/eldiariodesanpedro.com.ar\/sitio\/wp-json\/wp\/v2\/posts"}],"about":[{"href":"https:\/\/eldiariodesanpedro.com.ar\/sitio\/wp-json\/wp\/v2\/types\/post"}],"author":[{"embeddable":true,"href":"https:\/\/eldiariodesanpedro.com.ar\/sitio\/wp-json\/wp\/v2\/users\/4"}],"replies":[{"embeddable":true,"href":"https:\/\/eldiariodesanpedro.com.ar\/sitio\/wp-json\/wp\/v2\/comments?post=96812"}],"version-history":[{"count":1,"href":"https:\/\/eldiariodesanpedro.com.ar\/sitio\/wp-json\/wp\/v2\/posts\/96812\/revisions"}],"predecessor-version":[{"id":96818,"href":"https:\/\/eldiariodesanpedro.com.ar\/sitio\/wp-json\/wp\/v2\/posts\/96812\/revisions\/96818"}],"wp:featuredmedia":[{"embeddable":true,"href":"https:\/\/eldiariodesanpedro.com.ar\/sitio\/wp-json\/wp\/v2\/media\/96814"}],"wp:attachment":[{"href":"https:\/\/eldiariodesanpedro.com.ar\/sitio\/wp-json\/wp\/v2\/media?parent=96812"}],"wp:term":[{"taxonomy":"category","embeddable":true,"href":"https:\/\/eldiariodesanpedro.com.ar\/sitio\/wp-json\/wp\/v2\/categories?post=96812"},{"taxonomy":"post_tag","embeddable":true,"href":"https:\/\/eldiariodesanpedro.com.ar\/sitio\/wp-json\/wp\/v2\/tags?post=96812"}],"curies":[{"name":"wp","href":"https:\/\/api.w.org\/{rel}","templated":true}]}}