{"id":96806,"date":"2021-08-02T19:19:56","date_gmt":"2021-08-02T22:19:56","guid":{"rendered":"https:\/\/eldiariodesanpedro.com.ar\/sitio\/?p=96806"},"modified":"2021-08-02T19:34:28","modified_gmt":"2021-08-02T22:34:28","slug":"es-oficial-que-a-partir-del-miercoles-san-pedro-pasa-fase-4","status":"publish","type":"post","link":"https:\/\/eldiariodesanpedro.com.ar\/sitio\/es-oficial-que-a-partir-del-miercoles-san-pedro-pasa-fase-4\/","title":{"rendered":"Es oficial que a partir del mi\u00e9rcoles San Pedro pasa fase 4"},"content":{"rendered":"<!-- VideographyWP Plugin Message: Automatic video embedding prevented by plugin options. -->\n\n<p>En la jornada de hoy el Jefe de Gabinete de la Provincia de Buenos Aires le comunic\u00f3 al Intendente Cecilio Salazar que a partir del pr\u00f3ximo mi\u00e9rcoles nuestra ciudad junto a otros distritos pasar\u00e1n a formar parte de las que se encuentran en fase 4.<\/p>\n\n\n\n<p>Como ya se ven\u00eda esperando los n\u00fameros de positividad y contagios contin\u00faan en un promedio bajo por lo que este lunes se reuni\u00f3 el Director de Modernizaci\u00f3n Hernan Contreras junto a el Intendente Cecilio Salazar para poder revisar los n\u00fameros epidemiol\u00f3gicos y detectaron que todo estaba dado para pasar a fase 4, horas m\u00e1s tarde el el jefe comunal se comunic\u00f3 con Carlos Bianco Jefe de Gabinete del Gobierno Provincial quien reafirm\u00f3 esta situaci\u00f3n por lo que el pr\u00f3ximo mi\u00e9rcoles nuestro distrito cambiar\u00e1 de fase.<\/p>\n\n\n\n<p>Todo esto fue anunciado esta tarde en conferencia de prensa por el Gobernador Axel Kiciloft, el jefe de Gabinete Carlos Bianco y el flamante Secretario de Salud Nicol\u00e1s Kreplak<\/p>\n\n\n\n<p>\u2022Restricci\u00f3n general de la circulaci\u00f3n nocturna de 0 a 6 horas.<\/p>\n\n\n\n<p>\u2022Cierre de comercios no esenciales de 0 a 6hs.<\/p>\n\n\n\n<p>\u2022Locales gastron\u00f3micos, cines, teatros, eventos religiosos: cierre a las 0hs. Aforo de hasta el 70% (50% + 20% vacunados).<\/p>\n\n\n\n<p>\u2022Se autoriza la pr\u00e1ctica recreativa de deportes grupales de contacto, al aire libre.<\/p>\n\n\n\n<p>\u2022Gimnasios, natatorios y otras actividades deportivas colectivas en espacios cerrados con amplia ventilaci\u00f3n natural: Aforo de hasta el 70% (50% + 20% vacunados) sin p\u00fablico.<\/p>\n\n\n\n<p>\u2022Eventos culturales, sociales, recreativos en espacios p\u00fablicos al aire libre: hasta 100 personas.<\/p>\n\n\n\n<p>\u2022Actividades y reuniones sociales en domicilios: hasta 10 personas; al aire libre: hasta 20 personas.<\/p>\n\n\n\n<p>\u2022Clases para todos los niveles educativos presenciales.<\/p>\n\n\n\n<p>Las actividades econ\u00f3micas industriales que impliquen procesos productivos manufactureros o agropecuarios y las actividades, servicios y situaciones declaradas esenciales, de acuerdo a lo establecido en el art\u00edculo 11 del Decreto Nacional N\u00b0 125\/21, prorrogado por su similar N\u00ba 168\/21, podr\u00e1n desarrollarse sin limitaci\u00f3n horaria.<\/p>\n\n\n\n<p>La normativa completa se encuentra disponible aqu\u00ed: <a href=\"https:\/\/bit.ly\/2TNChZM\">https:\/\/bit.ly\/2TNChZM<\/a><\/p>\n","protected":false},"excerpt":{"rendered":"<p>En la jornada de hoy el Jefe de Gabinete de la Provincia de Buenos Aires le comunic\u00f3 al Intendente Cecilio Salazar que a partir del pr\u00f3ximo mi\u00e9rcoles nuestra ciudad junto a otros distritos pasar\u00e1n a formar parte de las que se encuentran en fase 4. Como ya se ven\u00eda esperando los n\u00fameros de positividad y [&hellip;]<\/p>\n","protected":false},"author":4,"featured_media":93027,"comment_status":"closed","ping_status":"closed","sticky":false,"template":"","format":"standard","meta":{"om_disable_all_campaigns":false,"_jetpack_memberships_contains_paid_content":false,"footnotes":""},"categories":[50,101,2],"tags":[],"class_list":["post-96806","post","type-post","status-publish","format-standard","has-post-thumbnail","hentry","category-destacadas","category-interes-general-locales","category-locales"],"aioseo_notices":[],"gutentor_comment":0,"jetpack_featured_media_url":"https:\/\/eldiariodesanpedro.com.ar\/sitio\/wp-content\/uploads\/2021\/05\/000091563.jpg","jetpack_shortlink":"https:\/\/wp.me\/p6RhLt-pbo","jetpack_sharing_enabled":true,"_links":{"self":[{"href":"https:\/\/eldiariodesanpedro.com.ar\/sitio\/wp-json\/wp\/v2\/posts\/96806","targetHints":{"allow":["GET"]}}],"collection":[{"href":"https:\/\/eldiariodesanpedro.com.ar\/sitio\/wp-json\/wp\/v2\/posts"}],"about":[{"href":"https:\/\/eldiariodesanpedro.com.ar\/sitio\/wp-json\/wp\/v2\/types\/post"}],"author":[{"embeddable":true,"href":"https:\/\/eldiariodesanpedro.com.ar\/sitio\/wp-json\/wp\/v2\/users\/4"}],"replies":[{"embeddable":true,"href":"https:\/\/eldiariodesanpedro.com.ar\/sitio\/wp-json\/wp\/v2\/comments?post=96806"}],"version-history":[{"count":4,"href":"https:\/\/eldiariodesanpedro.com.ar\/sitio\/wp-json\/wp\/v2\/posts\/96806\/revisions"}],"predecessor-version":[{"id":96811,"href":"https:\/\/eldiariodesanpedro.com.ar\/sitio\/wp-json\/wp\/v2\/posts\/96806\/revisions\/96811"}],"wp:featuredmedia":[{"embeddable":true,"href":"https:\/\/eldiariodesanpedro.com.ar\/sitio\/wp-json\/wp\/v2\/media\/93027"}],"wp:attachment":[{"href":"https:\/\/eldiariodesanpedro.com.ar\/sitio\/wp-json\/wp\/v2\/media?parent=96806"}],"wp:term":[{"taxonomy":"category","embeddable":true,"href":"https:\/\/eldiariodesanpedro.com.ar\/sitio\/wp-json\/wp\/v2\/categories?post=96806"},{"taxonomy":"post_tag","embeddable":true,"href":"https:\/\/eldiariodesanpedro.com.ar\/sitio\/wp-json\/wp\/v2\/tags?post=96806"}],"curies":[{"name":"wp","href":"https:\/\/api.w.org\/{rel}","templated":true}]}}