{"id":96802,"date":"2021-08-02T19:00:52","date_gmt":"2021-08-02T22:00:52","guid":{"rendered":"https:\/\/eldiariodesanpedro.com.ar\/sitio\/?p=96802"},"modified":"2021-08-02T19:00:57","modified_gmt":"2021-08-02T22:00:57","slug":"inscripcion-abierta-para-un-taller-virtual-gratuito-sobre-marketing-digital-y-comercio-electronico","status":"publish","type":"post","link":"https:\/\/eldiariodesanpedro.com.ar\/sitio\/inscripcion-abierta-para-un-taller-virtual-gratuito-sobre-marketing-digital-y-comercio-electronico\/","title":{"rendered":"Inscripci\u00f3n abierta para un taller virtual gratuito sobre Marketing Digital y Comercio Electr\u00f3nico"},"content":{"rendered":"<!-- VideographyWP Plugin Message: Automatic video embedding prevented by plugin options. -->\n\n<p>El Centro de Comercio, Industria y Turismo de San Pedro tiene abierta la inscripci\u00f3n para un \u00abTaller Virtual \u00abIntroducci\u00f3n al Marketing Digital y al Comercio Electr\u00f3nico\u00bb.<\/p>\n\n\n\n<p>Pueden participar due\u00f1os y empleados de comercio, directivos y equipos de trabajo de empresas e industrias, profesionales, emprendedores, estudiantes y quienes est\u00e9n interesados en aprender y llevar a la pr\u00e1ctica, las nuevas estrategias de venta online y posicionamiento de marca, tengan o no conocimiento del tema.<\/p>\n\n\n\n<p>La capacitaci\u00f3n comprende dos m\u00f3dulos, de dos horas cada uno que se realizar\u00e1n en la misma semana, los d\u00edas martes 24 y jueves 26 de agosto, de 13 a 15 hs., a trav\u00e9s de&nbsp;la plataforma zoom.<\/p>\n\n\n\n<p>Quienes est\u00e9n interesados, podr\u00e1n inscribirse enviando un correo electr\u00f3nico a&nbsp;<a href=\"mailto:cciteducacion@gmail.com\" target=\"_blank\" rel=\"noreferrer noopener\">cciteducacion@gmail.com<\/a>&nbsp;o enviar a un WhatsApp al 3329599000, para el env\u00edo del link respectivo.<\/p>\n\n\n\n<p><strong>Los cupos son limitados y el plazo de inscripci\u00f3n es hasta el 14 de agosto.<\/strong><\/p>\n\n\n\n<p><strong>M\u00e1s detalles<\/strong><\/p>\n\n\n\n<p>En tiempos en los que la virtualidad ha ganado espacio en todas las actividades y rubros para poder vender, comprar, posicionar la marca de su negocio, promocionar productos y servicios, captar y fidelizar clientes, relacionarse, hacer contactos, capacitarse, entre otros beneficios, es fundamental estar preparados para este gran cambio para no quedar fuera del sistema.<\/p>\n\n\n\n<p>Quienes se inscriban, podr\u00e1n conocer y llevar a la pr\u00e1ctica las \u00faltimas novedades y recursos dentro del marketing digital y comercio electr\u00f3nico para mejorar la promoci\u00f3n, el posicionamiento y el dise\u00f1o de una estrategia adecuada para su negocio y\/o empresa.<\/p>\n\n\n\n<p>El marketing digital no s\u00f3lo se utiliza para las grandes empresas. Peque\u00f1os y medianos comercios, prestadores de servicios, emprendedores pueden encontrar herramientas que se adapten a sus necesidades y potencien sus proyectos.<\/p>\n\n\n\n<p>Este taller estar\u00e1 a cargo de la Licenciada Jimena Tomarelli, especialista en marketing digital certificada en Google Ads, Hubspot y Mailchimp)<\/p>\n\n\n\n<p><strong>CONTENIDOS<\/strong><\/p>\n\n\n\n<p><strong>M\u00d3DULO 1:<\/strong>&nbsp;Fundamentos del comercio electr\u00f3nico El comercio electr\u00f3nico y el marketing online. Diferencias en comercio offline\/online. Primeros aspectos a considerar para posicionar la marca en internet. Sitio web, blog, tienda electr\u00f3nica. Aspectos a considerar a la hora de dise\u00f1ar un sitio web. M\u00e9todos de pago. M\u00e9todos de env\u00edo. Integraciones. Caso.<\/p>\n\n\n\n<p><strong>M\u00d3DULO 2:<\/strong>&nbsp;Estrategias de difusi\u00f3n en internet. Herramientas pagas y org\u00e1nicas para la difusi\u00f3n de un negocio. Panorama de las m\u00e1s utilizadas: Google Ads, SEO y Google Mi Negocio. Email Marketing. Portales especializados. Redes sociales: Facebook. Instagram. Twitter. Linkedin. Perfiles. Roles. Est\u00e9tica del perfil y respeto de manual de marca. Publicaciones. Tipos. Integraci\u00f3n de canales. Programaci\u00f3n &#8211; herramientas disponibles. Pol\u00edticas de redes sociales Moderaci\u00f3n Administraci\u00f3n de respuestas pre-armadas. Gesti\u00f3n eficiente de las redes. Publicidad en redes sociales. Diferencias con el contenido org\u00e1nico. Aspectos especiales a considerar<\/p>\n\n\n\n<p><strong>MODALIDAD DE TRABAJO DOS (2) ENCUENTROS DE DOS (2) HORAS RELOJ CADA UNO. VIRTUAL.<\/strong><br>La modalidad a implementar estar\u00e1 basada en encuentros din\u00e1micos con metodolog\u00edas Learning by Doing, aprender haciendo. Paralelamente se desarrollar\u00e1 un ambiente de desarrollo y contenci\u00f3n para que los asistentes \u201cpongan manos en acci\u00f3n\u201d como protagonistas del proceso de aprendizaje junto a pares y capacitadores<\/p>\n\n\n\n<p><strong>EXPOSITORA Lic. Jimena Tomarelli Especialista en Marketing digital con m\u00e1s de 8 a\u00f1os de experiencia en el campo. Certificada en Google Ads (Google Academy), Inbound Marketing (Hubspot) y Email Marketing (Mailchimp).<\/strong><\/p>\n\n\n\n<figure class=\"wp-block-image size-large\"><img decoding=\"async\" width=\"838\" height=\"1024\" data-attachment-id=\"96804\" data-permalink=\"https:\/\/eldiariodesanpedro.com.ar\/sitio\/inscripcion-abierta-para-un-taller-virtual-gratuito-sobre-marketing-digital-y-comercio-electronico\/curso\/\" data-orig-file=\"https:\/\/eldiariodesanpedro.com.ar\/sitio\/wp-content\/uploads\/2021\/08\/CURSO.png\" data-orig-size=\"1800,2200\" data-comments-opened=\"0\" data-image-meta=\"{&quot;aperture&quot;:&quot;0&quot;,&quot;credit&quot;:&quot;&quot;,&quot;camera&quot;:&quot;&quot;,&quot;caption&quot;:&quot;&quot;,&quot;created_timestamp&quot;:&quot;0&quot;,&quot;copyright&quot;:&quot;&quot;,&quot;focal_length&quot;:&quot;0&quot;,&quot;iso&quot;:&quot;0&quot;,&quot;shutter_speed&quot;:&quot;0&quot;,&quot;title&quot;:&quot;&quot;,&quot;orientation&quot;:&quot;0&quot;}\" data-image-title=\"CURSO\" data-image-description=\"\" data-image-caption=\"\" data-large-file=\"https:\/\/eldiariodesanpedro.com.ar\/sitio\/wp-content\/uploads\/2021\/08\/CURSO-838x1024.png\" data-src=\"https:\/\/eldiariodesanpedro.com.ar\/sitio\/wp-content\/uploads\/2021\/08\/CURSO-838x1024.png\" alt=\"\" class=\"wp-image-96804 lazyload\" data-srcset=\"https:\/\/eldiariodesanpedro.com.ar\/sitio\/wp-content\/uploads\/2021\/08\/CURSO-838x1024.png 838w, https:\/\/eldiariodesanpedro.com.ar\/sitio\/wp-content\/uploads\/2021\/08\/CURSO-245x300.png 245w, https:\/\/eldiariodesanpedro.com.ar\/sitio\/wp-content\/uploads\/2021\/08\/CURSO-768x939.png 768w, https:\/\/eldiariodesanpedro.com.ar\/sitio\/wp-content\/uploads\/2021\/08\/CURSO-1257x1536.png 1257w, https:\/\/eldiariodesanpedro.com.ar\/sitio\/wp-content\/uploads\/2021\/08\/CURSO-1676x2048.png 1676w, https:\/\/eldiariodesanpedro.com.ar\/sitio\/wp-content\/uploads\/2021\/08\/CURSO.png 1800w\" data-sizes=\"(max-width: 838px) 100vw, 838px\" src=\"data:image\/svg+xml;base64,PHN2ZyB3aWR0aD0iMSIgaGVpZ2h0PSIxIiB4bWxucz0iaHR0cDovL3d3dy53My5vcmcvMjAwMC9zdmciPjwvc3ZnPg==\" style=\"--smush-placeholder-width: 838px; --smush-placeholder-aspect-ratio: 838\/1024;\" \/><\/figure>\n","protected":false},"excerpt":{"rendered":"<p>El Centro de Comercio, Industria y Turismo de San Pedro tiene abierta la inscripci\u00f3n para un \u00abTaller Virtual \u00abIntroducci\u00f3n al Marketing Digital y al Comercio Electr\u00f3nico\u00bb. Pueden participar due\u00f1os y empleados de comercio, directivos y equipos de trabajo de empresas e industrias, profesionales, emprendedores, estudiantes y quienes est\u00e9n interesados en aprender y llevar a la [&hellip;]<\/p>\n","protected":false},"author":4,"featured_media":96803,"comment_status":"closed","ping_status":"closed","sticky":false,"template":"","format":"standard","meta":{"om_disable_all_campaigns":false,"_jetpack_memberships_contains_paid_content":false,"footnotes":""},"categories":[101,2],"tags":[],"class_list":["post-96802","post","type-post","status-publish","format-standard","has-post-thumbnail","hentry","category-interes-general-locales","category-locales"],"aioseo_notices":[],"gutentor_comment":0,"jetpack_featured_media_url":"https:\/\/eldiariodesanpedro.com.ar\/sitio\/wp-content\/uploads\/2021\/08\/107626579_4030098133731285_4475887872994724293_n-scaled.jpg","jetpack_shortlink":"https:\/\/wp.me\/p6RhLt-pbk","jetpack_sharing_enabled":true,"_links":{"self":[{"href":"https:\/\/eldiariodesanpedro.com.ar\/sitio\/wp-json\/wp\/v2\/posts\/96802","targetHints":{"allow":["GET"]}}],"collection":[{"href":"https:\/\/eldiariodesanpedro.com.ar\/sitio\/wp-json\/wp\/v2\/posts"}],"about":[{"href":"https:\/\/eldiariodesanpedro.com.ar\/sitio\/wp-json\/wp\/v2\/types\/post"}],"author":[{"embeddable":true,"href":"https:\/\/eldiariodesanpedro.com.ar\/sitio\/wp-json\/wp\/v2\/users\/4"}],"replies":[{"embeddable":true,"href":"https:\/\/eldiariodesanpedro.com.ar\/sitio\/wp-json\/wp\/v2\/comments?post=96802"}],"version-history":[{"count":1,"href":"https:\/\/eldiariodesanpedro.com.ar\/sitio\/wp-json\/wp\/v2\/posts\/96802\/revisions"}],"predecessor-version":[{"id":96805,"href":"https:\/\/eldiariodesanpedro.com.ar\/sitio\/wp-json\/wp\/v2\/posts\/96802\/revisions\/96805"}],"wp:featuredmedia":[{"embeddable":true,"href":"https:\/\/eldiariodesanpedro.com.ar\/sitio\/wp-json\/wp\/v2\/media\/96803"}],"wp:attachment":[{"href":"https:\/\/eldiariodesanpedro.com.ar\/sitio\/wp-json\/wp\/v2\/media?parent=96802"}],"wp:term":[{"taxonomy":"category","embeddable":true,"href":"https:\/\/eldiariodesanpedro.com.ar\/sitio\/wp-json\/wp\/v2\/categories?post=96802"},{"taxonomy":"post_tag","embeddable":true,"href":"https:\/\/eldiariodesanpedro.com.ar\/sitio\/wp-json\/wp\/v2\/tags?post=96802"}],"curies":[{"name":"wp","href":"https:\/\/api.w.org\/{rel}","templated":true}]}}