{"id":96789,"date":"2021-08-02T18:39:41","date_gmt":"2021-08-02T21:39:41","guid":{"rendered":"https:\/\/eldiariodesanpedro.com.ar\/sitio\/?p=96789"},"modified":"2021-08-02T18:39:45","modified_gmt":"2021-08-02T21:39:45","slug":"seminario-y-nuevo-horno-de-barro-en-el-centro-casella","status":"publish","type":"post","link":"https:\/\/eldiariodesanpedro.com.ar\/sitio\/seminario-y-nuevo-horno-de-barro-en-el-centro-casella\/","title":{"rendered":"Seminario y nuevo horno de barro en el Centro Casella"},"content":{"rendered":"<!-- VideographyWP Plugin Message: Automatic video embedding prevented by plugin options. -->\n\n<p>Despu\u00e9s de un fin de semana pleno de emoci\u00f3n y nuevas experiencias, se entregaron este domingo los certificados de asistencia a todos los participantes del \u201cSeminario de Vasijas Escult\u00f3ricas y Construcci\u00f3n de Horno Mapuche\u201d en el Centro Cultural Edgardo Casella que de este modo, reanud\u00f3 sus actividades despu\u00e9s del largo per\u00edodo en el que la Pandemia restringi\u00f3 su funcionamiento.<\/p>\n\n\n\n<p>El seminario organizado desde la Secretar\u00eda de Turismo y Cultura, estuvo a cargo del prestigioso Maestro Carlos Moreyra, escultor y ceramista, quien con gran dedicaci\u00f3n brind\u00f3 su experiencia a los participantes, sampedrinos de la ciudad y las localidades y visitantes desde la ciudad de Buenos Aires y el interior de la provincia.<\/p>\n\n\n\n<p>Durante cuatro d\u00edas y en un fin de semana muy especial que coincidi\u00f3 con la celebraci\u00f3n de la Fiesta de la Pachamama los concurrentes realizaron piezas que pudieron llevarse como recuerdo de esta experiencia y se construy\u00f3 adem\u00e1s un horno de barro que quedar\u00e1 en la instituci\u00f3n para la continuidad de las actividades relacionadas con esta t\u00e9cnica.<\/p>\n\n\n\n<figure class=\"wp-block-image size-large\"><img decoding=\"async\" width=\"1024\" height=\"683\" data-attachment-id=\"96790\" data-permalink=\"https:\/\/eldiariodesanpedro.com.ar\/sitio\/seminario-y-nuevo-horno-de-barro-en-el-centro-casella\/whatsapp-image-2021-08-02-at-15-48-04\/\" data-orig-file=\"https:\/\/eldiariodesanpedro.com.ar\/sitio\/wp-content\/uploads\/2021\/08\/WhatsApp-Image-2021-08-02-at-15.48.04.jpeg\" data-orig-size=\"1600,1067\" data-comments-opened=\"0\" data-image-meta=\"{&quot;aperture&quot;:&quot;0&quot;,&quot;credit&quot;:&quot;&quot;,&quot;camera&quot;:&quot;&quot;,&quot;caption&quot;:&quot;&quot;,&quot;created_timestamp&quot;:&quot;0&quot;,&quot;copyright&quot;:&quot;&quot;,&quot;focal_length&quot;:&quot;0&quot;,&quot;iso&quot;:&quot;0&quot;,&quot;shutter_speed&quot;:&quot;0&quot;,&quot;title&quot;:&quot;&quot;,&quot;orientation&quot;:&quot;0&quot;}\" data-image-title=\"WhatsApp Image 2021-08-02 at 15.48.04\" data-image-description=\"\" data-image-caption=\"\" data-large-file=\"https:\/\/eldiariodesanpedro.com.ar\/sitio\/wp-content\/uploads\/2021\/08\/WhatsApp-Image-2021-08-02-at-15.48.04-1024x683.jpeg\" data-src=\"https:\/\/eldiariodesanpedro.com.ar\/sitio\/wp-content\/uploads\/2021\/08\/WhatsApp-Image-2021-08-02-at-15.48.04-1024x683.jpeg\" alt=\"\" class=\"wp-image-96790 lazyload\" data-srcset=\"https:\/\/eldiariodesanpedro.com.ar\/sitio\/wp-content\/uploads\/2021\/08\/WhatsApp-Image-2021-08-02-at-15.48.04-1024x683.jpeg 1024w, https:\/\/eldiariodesanpedro.com.ar\/sitio\/wp-content\/uploads\/2021\/08\/WhatsApp-Image-2021-08-02-at-15.48.04-300x200.jpeg 300w, https:\/\/eldiariodesanpedro.com.ar\/sitio\/wp-content\/uploads\/2021\/08\/WhatsApp-Image-2021-08-02-at-15.48.04-768x512.jpeg 768w, https:\/\/eldiariodesanpedro.com.ar\/sitio\/wp-content\/uploads\/2021\/08\/WhatsApp-Image-2021-08-02-at-15.48.04-1536x1024.jpeg 1536w, https:\/\/eldiariodesanpedro.com.ar\/sitio\/wp-content\/uploads\/2021\/08\/WhatsApp-Image-2021-08-02-at-15.48.04.jpeg 1600w\" data-sizes=\"(max-width: 1024px) 100vw, 1024px\" src=\"data:image\/svg+xml;base64,PHN2ZyB3aWR0aD0iMSIgaGVpZ2h0PSIxIiB4bWxucz0iaHR0cDovL3d3dy53My5vcmcvMjAwMC9zdmciPjwvc3ZnPg==\" style=\"--smush-placeholder-width: 1024px; --smush-placeholder-aspect-ratio: 1024\/683;\" \/><\/figure>\n\n\n\n<figure class=\"wp-block-image size-large\"><img decoding=\"async\" width=\"683\" height=\"1024\" data-attachment-id=\"96792\" data-permalink=\"https:\/\/eldiariodesanpedro.com.ar\/sitio\/seminario-y-nuevo-horno-de-barro-en-el-centro-casella\/whatsapp-image-2021-08-02-at-15-48-06\/\" data-orig-file=\"https:\/\/eldiariodesanpedro.com.ar\/sitio\/wp-content\/uploads\/2021\/08\/WhatsApp-Image-2021-08-02-at-15.48.06.jpeg\" data-orig-size=\"1066,1599\" data-comments-opened=\"0\" data-image-meta=\"{&quot;aperture&quot;:&quot;0&quot;,&quot;credit&quot;:&quot;&quot;,&quot;camera&quot;:&quot;&quot;,&quot;caption&quot;:&quot;&quot;,&quot;created_timestamp&quot;:&quot;0&quot;,&quot;copyright&quot;:&quot;&quot;,&quot;focal_length&quot;:&quot;0&quot;,&quot;iso&quot;:&quot;0&quot;,&quot;shutter_speed&quot;:&quot;0&quot;,&quot;title&quot;:&quot;&quot;,&quot;orientation&quot;:&quot;0&quot;}\" data-image-title=\"WhatsApp Image 2021-08-02 at 15.48.06\" data-image-description=\"\" data-image-caption=\"\" data-large-file=\"https:\/\/eldiariodesanpedro.com.ar\/sitio\/wp-content\/uploads\/2021\/08\/WhatsApp-Image-2021-08-02-at-15.48.06-683x1024.jpeg\" data-src=\"https:\/\/eldiariodesanpedro.com.ar\/sitio\/wp-content\/uploads\/2021\/08\/WhatsApp-Image-2021-08-02-at-15.48.06-683x1024.jpeg\" alt=\"\" class=\"wp-image-96792 lazyload\" data-srcset=\"https:\/\/eldiariodesanpedro.com.ar\/sitio\/wp-content\/uploads\/2021\/08\/WhatsApp-Image-2021-08-02-at-15.48.06-683x1024.jpeg 683w, https:\/\/eldiariodesanpedro.com.ar\/sitio\/wp-content\/uploads\/2021\/08\/WhatsApp-Image-2021-08-02-at-15.48.06-200x300.jpeg 200w, https:\/\/eldiariodesanpedro.com.ar\/sitio\/wp-content\/uploads\/2021\/08\/WhatsApp-Image-2021-08-02-at-15.48.06-768x1152.jpeg 768w, https:\/\/eldiariodesanpedro.com.ar\/sitio\/wp-content\/uploads\/2021\/08\/WhatsApp-Image-2021-08-02-at-15.48.06-1024x1536.jpeg 1024w, https:\/\/eldiariodesanpedro.com.ar\/sitio\/wp-content\/uploads\/2021\/08\/WhatsApp-Image-2021-08-02-at-15.48.06.jpeg 1066w\" data-sizes=\"(max-width: 683px) 100vw, 683px\" src=\"data:image\/svg+xml;base64,PHN2ZyB3aWR0aD0iMSIgaGVpZ2h0PSIxIiB4bWxucz0iaHR0cDovL3d3dy53My5vcmcvMjAwMC9zdmciPjwvc3ZnPg==\" style=\"--smush-placeholder-width: 683px; --smush-placeholder-aspect-ratio: 683\/1024;\" \/><\/figure>\n","protected":false},"excerpt":{"rendered":"<p>Despu\u00e9s de un fin de semana pleno de emoci\u00f3n y nuevas experiencias, se entregaron este domingo los certificados de asistencia a todos los participantes del \u201cSeminario de Vasijas Escult\u00f3ricas y Construcci\u00f3n de Horno Mapuche\u201d en el Centro Cultural Edgardo Casella que de este modo, reanud\u00f3 sus actividades despu\u00e9s del largo per\u00edodo en el que la [&hellip;]<\/p>\n","protected":false},"author":4,"featured_media":96791,"comment_status":"closed","ping_status":"closed","sticky":false,"template":"","format":"standard","meta":{"om_disable_all_campaigns":false,"_jetpack_memberships_contains_paid_content":false,"footnotes":""},"categories":[101,2],"tags":[],"class_list":["post-96789","post","type-post","status-publish","format-standard","has-post-thumbnail","hentry","category-interes-general-locales","category-locales"],"aioseo_notices":[],"gutentor_comment":0,"jetpack_featured_media_url":"https:\/\/eldiariodesanpedro.com.ar\/sitio\/wp-content\/uploads\/2021\/08\/WhatsApp-Image-2021-08-02-at-15.48.06-1.jpeg","jetpack_shortlink":"https:\/\/wp.me\/p6RhLt-pb7","jetpack_sharing_enabled":true,"_links":{"self":[{"href":"https:\/\/eldiariodesanpedro.com.ar\/sitio\/wp-json\/wp\/v2\/posts\/96789","targetHints":{"allow":["GET"]}}],"collection":[{"href":"https:\/\/eldiariodesanpedro.com.ar\/sitio\/wp-json\/wp\/v2\/posts"}],"about":[{"href":"https:\/\/eldiariodesanpedro.com.ar\/sitio\/wp-json\/wp\/v2\/types\/post"}],"author":[{"embeddable":true,"href":"https:\/\/eldiariodesanpedro.com.ar\/sitio\/wp-json\/wp\/v2\/users\/4"}],"replies":[{"embeddable":true,"href":"https:\/\/eldiariodesanpedro.com.ar\/sitio\/wp-json\/wp\/v2\/comments?post=96789"}],"version-history":[{"count":1,"href":"https:\/\/eldiariodesanpedro.com.ar\/sitio\/wp-json\/wp\/v2\/posts\/96789\/revisions"}],"predecessor-version":[{"id":96793,"href":"https:\/\/eldiariodesanpedro.com.ar\/sitio\/wp-json\/wp\/v2\/posts\/96789\/revisions\/96793"}],"wp:featuredmedia":[{"embeddable":true,"href":"https:\/\/eldiariodesanpedro.com.ar\/sitio\/wp-json\/wp\/v2\/media\/96791"}],"wp:attachment":[{"href":"https:\/\/eldiariodesanpedro.com.ar\/sitio\/wp-json\/wp\/v2\/media?parent=96789"}],"wp:term":[{"taxonomy":"category","embeddable":true,"href":"https:\/\/eldiariodesanpedro.com.ar\/sitio\/wp-json\/wp\/v2\/categories?post=96789"},{"taxonomy":"post_tag","embeddable":true,"href":"https:\/\/eldiariodesanpedro.com.ar\/sitio\/wp-json\/wp\/v2\/tags?post=96789"}],"curies":[{"name":"wp","href":"https:\/\/api.w.org\/{rel}","templated":true}]}}