{"id":96771,"date":"2021-08-02T18:05:39","date_gmt":"2021-08-02T21:05:39","guid":{"rendered":"https:\/\/eldiariodesanpedro.com.ar\/sitio\/?p=96771"},"modified":"2021-08-02T18:05:43","modified_gmt":"2021-08-02T21:05:43","slug":"se-presenta-el-programa-decision-ninez","status":"publish","type":"post","link":"https:\/\/eldiariodesanpedro.com.ar\/sitio\/se-presenta-el-programa-decision-ninez\/","title":{"rendered":"Se presenta el Programa Decisi\u00f3n Ni\u00f1ez"},"content":{"rendered":"<!-- VideographyWP Plugin Message: Automatic video embedding prevented by plugin options. -->\n\n<p>Este martes a las 15.00 hs se presenta el Programa Decisi\u00f3n Ni\u00f1ez por el canal de YouTube del Organismo Provincial de la Ni\u00f1ez y Adolescencia de la Provincia de Buenos Aires y se podr\u00e1 observar entrando al siguiente link: <a href=\"https:\/\/www.youtube.com\/channel\/UCQHs7Y2tPhvamwfbwP1xCmg\">https:\/\/www.youtube.com\/channel\/UCQHs7Y2tPhvamwfbwP1xCmg<\/a><\/p>\n\n\n\n<p>Este proyecto est\u00e1 destinado a aquellas chicas y chicos que quieran cambiar algo de su comunidad, de su club, merendero de su barrio o mejorar las condiciones de su colegio.<\/p>\n","protected":false},"excerpt":{"rendered":"<p>Este martes a las 15.00 hs se presenta el Programa Decisi\u00f3n Ni\u00f1ez por el canal de YouTube del Organismo Provincial de la Ni\u00f1ez y Adolescencia de la Provincia de Buenos Aires y se podr\u00e1 observar entrando al siguiente link: https:\/\/www.youtube.com\/channel\/UCQHs7Y2tPhvamwfbwP1xCmg Este proyecto est\u00e1 destinado a aquellas chicas y chicos que quieran cambiar algo de su [&hellip;]<\/p>\n","protected":false},"author":4,"featured_media":96773,"comment_status":"closed","ping_status":"closed","sticky":false,"template":"","format":"standard","meta":{"om_disable_all_campaigns":false,"_jetpack_memberships_contains_paid_content":false,"footnotes":""},"categories":[101,2],"tags":[],"class_list":["post-96771","post","type-post","status-publish","format-standard","has-post-thumbnail","hentry","category-interes-general-locales","category-locales"],"aioseo_notices":[],"gutentor_comment":0,"jetpack_featured_media_url":"https:\/\/eldiariodesanpedro.com.ar\/sitio\/wp-content\/uploads\/2021\/08\/WhatsApp-Image-2021-08-02-at-11.55.08.jpeg","jetpack_shortlink":"https:\/\/wp.me\/p6RhLt-paP","jetpack_sharing_enabled":true,"_links":{"self":[{"href":"https:\/\/eldiariodesanpedro.com.ar\/sitio\/wp-json\/wp\/v2\/posts\/96771","targetHints":{"allow":["GET"]}}],"collection":[{"href":"https:\/\/eldiariodesanpedro.com.ar\/sitio\/wp-json\/wp\/v2\/posts"}],"about":[{"href":"https:\/\/eldiariodesanpedro.com.ar\/sitio\/wp-json\/wp\/v2\/types\/post"}],"author":[{"embeddable":true,"href":"https:\/\/eldiariodesanpedro.com.ar\/sitio\/wp-json\/wp\/v2\/users\/4"}],"replies":[{"embeddable":true,"href":"https:\/\/eldiariodesanpedro.com.ar\/sitio\/wp-json\/wp\/v2\/comments?post=96771"}],"version-history":[{"count":1,"href":"https:\/\/eldiariodesanpedro.com.ar\/sitio\/wp-json\/wp\/v2\/posts\/96771\/revisions"}],"predecessor-version":[{"id":96774,"href":"https:\/\/eldiariodesanpedro.com.ar\/sitio\/wp-json\/wp\/v2\/posts\/96771\/revisions\/96774"}],"wp:featuredmedia":[{"embeddable":true,"href":"https:\/\/eldiariodesanpedro.com.ar\/sitio\/wp-json\/wp\/v2\/media\/96773"}],"wp:attachment":[{"href":"https:\/\/eldiariodesanpedro.com.ar\/sitio\/wp-json\/wp\/v2\/media?parent=96771"}],"wp:term":[{"taxonomy":"category","embeddable":true,"href":"https:\/\/eldiariodesanpedro.com.ar\/sitio\/wp-json\/wp\/v2\/categories?post=96771"},{"taxonomy":"post_tag","embeddable":true,"href":"https:\/\/eldiariodesanpedro.com.ar\/sitio\/wp-json\/wp\/v2\/tags?post=96771"}],"curies":[{"name":"wp","href":"https:\/\/api.w.org\/{rel}","templated":true}]}}