{"id":96754,"date":"2021-08-02T12:14:32","date_gmt":"2021-08-02T15:14:32","guid":{"rendered":"https:\/\/eldiariodesanpedro.com.ar\/sitio\/?p=96754"},"modified":"2021-08-02T12:14:36","modified_gmt":"2021-08-02T15:14:36","slug":"una-mujer-detenida-por-golpear-a-patadas-a-otra","status":"publish","type":"post","link":"https:\/\/eldiariodesanpedro.com.ar\/sitio\/una-mujer-detenida-por-golpear-a-patadas-a-otra\/","title":{"rendered":"Una mujer detenida por golpear a patadas a otra"},"content":{"rendered":"<!-- VideographyWP Plugin Message: Automatic video embedding prevented by plugin options. -->\n\n<p>Este lunes el parte oficial de la polic\u00eda inform\u00f3 un hecho donde dos mujeres protagonizaron una golpiza en la v\u00eda p\u00fablica.<\/p>\n\n\n\n<p>El hecho ocurri\u00f3 en horas de la tarde del d\u00eda de ayer domingo en calle Manuel Iglesias y G\u00fcemes donde se tuvo que hacer presente varios m\u00f3viles provinciales para trasladar a una mujer de 35 a\u00f1os de edad quien momentos antes hab\u00eda golpeado a patadas a otra mujer de 36 a\u00f1os quien al realizar la denuncia correspondiente se pudo determinar que sufri\u00f3 heridas leves.<\/p>\n\n\n\n<p>La agresora qued\u00f3 aprehendida en la comisar\u00eda local.<\/p>\n","protected":false},"excerpt":{"rendered":"<p>Este lunes el parte oficial de la polic\u00eda inform\u00f3 un hecho donde dos mujeres protagonizaron una golpiza en la v\u00eda p\u00fablica. El hecho ocurri\u00f3 en horas de la tarde del d\u00eda de ayer domingo en calle Manuel Iglesias y G\u00fcemes donde se tuvo que hacer presente varios m\u00f3viles provinciales para trasladar a una mujer de [&hellip;]<\/p>\n","protected":false},"author":4,"featured_media":96755,"comment_status":"closed","ping_status":"closed","sticky":false,"template":"","format":"standard","meta":{"om_disable_all_campaigns":false,"_jetpack_memberships_contains_paid_content":false,"footnotes":""},"categories":[2,103],"tags":[],"class_list":["post-96754","post","type-post","status-publish","format-standard","has-post-thumbnail","hentry","category-locales","category-policiales-locales"],"aioseo_notices":[],"gutentor_comment":0,"jetpack_featured_media_url":"https:\/\/eldiariodesanpedro.com.ar\/sitio\/wp-content\/uploads\/2021\/08\/WhatsApp-Image-2021-08-02-at-11.28.48.jpeg","jetpack_shortlink":"https:\/\/wp.me\/p6RhLt-pay","jetpack_sharing_enabled":true,"_links":{"self":[{"href":"https:\/\/eldiariodesanpedro.com.ar\/sitio\/wp-json\/wp\/v2\/posts\/96754","targetHints":{"allow":["GET"]}}],"collection":[{"href":"https:\/\/eldiariodesanpedro.com.ar\/sitio\/wp-json\/wp\/v2\/posts"}],"about":[{"href":"https:\/\/eldiariodesanpedro.com.ar\/sitio\/wp-json\/wp\/v2\/types\/post"}],"author":[{"embeddable":true,"href":"https:\/\/eldiariodesanpedro.com.ar\/sitio\/wp-json\/wp\/v2\/users\/4"}],"replies":[{"embeddable":true,"href":"https:\/\/eldiariodesanpedro.com.ar\/sitio\/wp-json\/wp\/v2\/comments?post=96754"}],"version-history":[{"count":1,"href":"https:\/\/eldiariodesanpedro.com.ar\/sitio\/wp-json\/wp\/v2\/posts\/96754\/revisions"}],"predecessor-version":[{"id":96756,"href":"https:\/\/eldiariodesanpedro.com.ar\/sitio\/wp-json\/wp\/v2\/posts\/96754\/revisions\/96756"}],"wp:featuredmedia":[{"embeddable":true,"href":"https:\/\/eldiariodesanpedro.com.ar\/sitio\/wp-json\/wp\/v2\/media\/96755"}],"wp:attachment":[{"href":"https:\/\/eldiariodesanpedro.com.ar\/sitio\/wp-json\/wp\/v2\/media?parent=96754"}],"wp:term":[{"taxonomy":"category","embeddable":true,"href":"https:\/\/eldiariodesanpedro.com.ar\/sitio\/wp-json\/wp\/v2\/categories?post=96754"},{"taxonomy":"post_tag","embeddable":true,"href":"https:\/\/eldiariodesanpedro.com.ar\/sitio\/wp-json\/wp\/v2\/tags?post=96754"}],"curies":[{"name":"wp","href":"https:\/\/api.w.org\/{rel}","templated":true}]}}