{"id":96746,"date":"2021-08-02T12:04:00","date_gmt":"2021-08-02T15:04:00","guid":{"rendered":"https:\/\/eldiariodesanpedro.com.ar\/sitio\/?p=96746"},"modified":"2021-08-02T12:04:01","modified_gmt":"2021-08-02T15:04:01","slug":"robaron-una-puerta-reja-de-la-escuela-13-en-horas-de-la-madrugada","status":"publish","type":"post","link":"https:\/\/eldiariodesanpedro.com.ar\/sitio\/robaron-una-puerta-reja-de-la-escuela-13-en-horas-de-la-madrugada\/","title":{"rendered":"Robaron una puerta reja de la escuela 13 en horas de la madrugada"},"content":{"rendered":"<!-- VideographyWP Plugin Message: Automatic video embedding prevented by plugin options. -->\n\n<p>Este domingo en la comisar\u00eda de nuestra ciudad denunci\u00f3 una mujer de 56 a\u00f1os de edad que resulta ser directora de la nueva Escuela Secundaria N\u00ba 13 ubicada en el predio de la ex cancha de Banfield, ubicada en calle Combate de Obligado y Auli, donde se constat\u00f3 que autores ignorados habr\u00edan sustra\u00eddo una reja la cual delimita la v\u00eda p\u00fablica con patio interno del establecimiento.&nbsp;<\/p>\n\n\n\n<p>No es la primera vez que esta escuela sufre un hecho de vandalismo, anteriormente hace pocos meses atr\u00e1s al mismo establecimiento le sustrajeron una gran parte de cerco perimetral.<\/p>\n","protected":false},"excerpt":{"rendered":"<p>Este domingo en la comisar\u00eda de nuestra ciudad denunci\u00f3 una mujer de 56 a\u00f1os de edad que resulta ser directora de la nueva Escuela Secundaria N\u00ba 13 ubicada en el predio de la ex cancha de Banfield, ubicada en calle Combate de Obligado y Auli, donde se constat\u00f3 que autores ignorados habr\u00edan sustra\u00eddo una reja [&hellip;]<\/p>\n","protected":false},"author":4,"featured_media":96747,"comment_status":"closed","ping_status":"closed","sticky":false,"template":"","format":"standard","meta":{"om_disable_all_campaigns":false,"_jetpack_memberships_contains_paid_content":false,"footnotes":""},"categories":[2,103],"tags":[],"class_list":["post-96746","post","type-post","status-publish","format-standard","has-post-thumbnail","hentry","category-locales","category-policiales-locales"],"aioseo_notices":[],"gutentor_comment":0,"jetpack_featured_media_url":"https:\/\/eldiariodesanpedro.com.ar\/sitio\/wp-content\/uploads\/2021\/08\/WhatsApp-Image-2021-08-02-at-11.31.32.jpeg","jetpack_shortlink":"https:\/\/wp.me\/p6RhLt-paq","jetpack_sharing_enabled":true,"_links":{"self":[{"href":"https:\/\/eldiariodesanpedro.com.ar\/sitio\/wp-json\/wp\/v2\/posts\/96746","targetHints":{"allow":["GET"]}}],"collection":[{"href":"https:\/\/eldiariodesanpedro.com.ar\/sitio\/wp-json\/wp\/v2\/posts"}],"about":[{"href":"https:\/\/eldiariodesanpedro.com.ar\/sitio\/wp-json\/wp\/v2\/types\/post"}],"author":[{"embeddable":true,"href":"https:\/\/eldiariodesanpedro.com.ar\/sitio\/wp-json\/wp\/v2\/users\/4"}],"replies":[{"embeddable":true,"href":"https:\/\/eldiariodesanpedro.com.ar\/sitio\/wp-json\/wp\/v2\/comments?post=96746"}],"version-history":[{"count":1,"href":"https:\/\/eldiariodesanpedro.com.ar\/sitio\/wp-json\/wp\/v2\/posts\/96746\/revisions"}],"predecessor-version":[{"id":96748,"href":"https:\/\/eldiariodesanpedro.com.ar\/sitio\/wp-json\/wp\/v2\/posts\/96746\/revisions\/96748"}],"wp:featuredmedia":[{"embeddable":true,"href":"https:\/\/eldiariodesanpedro.com.ar\/sitio\/wp-json\/wp\/v2\/media\/96747"}],"wp:attachment":[{"href":"https:\/\/eldiariodesanpedro.com.ar\/sitio\/wp-json\/wp\/v2\/media?parent=96746"}],"wp:term":[{"taxonomy":"category","embeddable":true,"href":"https:\/\/eldiariodesanpedro.com.ar\/sitio\/wp-json\/wp\/v2\/categories?post=96746"},{"taxonomy":"post_tag","embeddable":true,"href":"https:\/\/eldiariodesanpedro.com.ar\/sitio\/wp-json\/wp\/v2\/tags?post=96746"}],"curies":[{"name":"wp","href":"https:\/\/api.w.org\/{rel}","templated":true}]}}