{"id":96736,"date":"2021-08-02T11:16:57","date_gmt":"2021-08-02T14:16:57","guid":{"rendered":"https:\/\/eldiariodesanpedro.com.ar\/sitio\/?p=96736"},"modified":"2021-08-02T11:17:02","modified_gmt":"2021-08-02T14:17:02","slug":"1800-visitantes-recorrieron-el-paleontologico-en-vacaciones","status":"publish","type":"post","link":"https:\/\/eldiariodesanpedro.com.ar\/sitio\/1800-visitantes-recorrieron-el-paleontologico-en-vacaciones\/","title":{"rendered":"1800 visitantes recorrieron el paleontol\u00f3gico en vacaciones"},"content":{"rendered":"<!-- VideographyWP Plugin Message: Automatic video embedding prevented by plugin options. -->\n\n<p>Durante el receso invernal, el Museo Paleontol\u00f3gico recibi\u00f3 a 1800 visitantes, entre sampedrinos y turistas, que se acercaron a conocerlo y a disfrutar de sus \u00faltimos hallazgos. Los \u00abcaballos de Darwin\u00bb, semillas de 5.000 a\u00f1os y la nueva sala de audiovisuales fueron novedades encontradas por quienes ya lo conoc\u00edan y por el numeroso p\u00fablico de diferentes localidades que aprovech\u00f3 estas dos semanas para recorrer San Pedro y sus atractivos. Los sampedrinos tambi\u00e9n eligieron darse una vuelta por el museo que ya es un cl\u00e1sico de nuestra ciudad.<\/p>\n","protected":false},"excerpt":{"rendered":"<p>Durante el receso invernal, el Museo Paleontol\u00f3gico recibi\u00f3 a 1800 visitantes, entre sampedrinos y turistas, que se acercaron a conocerlo y a disfrutar de sus \u00faltimos hallazgos. Los \u00abcaballos de Darwin\u00bb, semillas de 5.000 a\u00f1os y la nueva sala de audiovisuales fueron novedades encontradas por quienes ya lo conoc\u00edan y por el numeroso p\u00fablico de [&hellip;]<\/p>\n","protected":false},"author":4,"featured_media":96737,"comment_status":"closed","ping_status":"closed","sticky":false,"template":"","format":"standard","meta":{"om_disable_all_campaigns":false,"_jetpack_memberships_contains_paid_content":false,"footnotes":""},"categories":[101,2],"tags":[],"class_list":["post-96736","post","type-post","status-publish","format-standard","has-post-thumbnail","hentry","category-interes-general-locales","category-locales"],"aioseo_notices":[],"gutentor_comment":0,"jetpack_featured_media_url":"https:\/\/eldiariodesanpedro.com.ar\/sitio\/wp-content\/uploads\/2021\/08\/WhatsApp-Image-2021-08-02-at-08.55.20-copia.jpeg","jetpack_shortlink":"https:\/\/wp.me\/p6RhLt-pag","jetpack_sharing_enabled":true,"_links":{"self":[{"href":"https:\/\/eldiariodesanpedro.com.ar\/sitio\/wp-json\/wp\/v2\/posts\/96736","targetHints":{"allow":["GET"]}}],"collection":[{"href":"https:\/\/eldiariodesanpedro.com.ar\/sitio\/wp-json\/wp\/v2\/posts"}],"about":[{"href":"https:\/\/eldiariodesanpedro.com.ar\/sitio\/wp-json\/wp\/v2\/types\/post"}],"author":[{"embeddable":true,"href":"https:\/\/eldiariodesanpedro.com.ar\/sitio\/wp-json\/wp\/v2\/users\/4"}],"replies":[{"embeddable":true,"href":"https:\/\/eldiariodesanpedro.com.ar\/sitio\/wp-json\/wp\/v2\/comments?post=96736"}],"version-history":[{"count":1,"href":"https:\/\/eldiariodesanpedro.com.ar\/sitio\/wp-json\/wp\/v2\/posts\/96736\/revisions"}],"predecessor-version":[{"id":96738,"href":"https:\/\/eldiariodesanpedro.com.ar\/sitio\/wp-json\/wp\/v2\/posts\/96736\/revisions\/96738"}],"wp:featuredmedia":[{"embeddable":true,"href":"https:\/\/eldiariodesanpedro.com.ar\/sitio\/wp-json\/wp\/v2\/media\/96737"}],"wp:attachment":[{"href":"https:\/\/eldiariodesanpedro.com.ar\/sitio\/wp-json\/wp\/v2\/media?parent=96736"}],"wp:term":[{"taxonomy":"category","embeddable":true,"href":"https:\/\/eldiariodesanpedro.com.ar\/sitio\/wp-json\/wp\/v2\/categories?post=96736"},{"taxonomy":"post_tag","embeddable":true,"href":"https:\/\/eldiariodesanpedro.com.ar\/sitio\/wp-json\/wp\/v2\/tags?post=96736"}],"curies":[{"name":"wp","href":"https:\/\/api.w.org\/{rel}","templated":true}]}}