{"id":96724,"date":"2021-08-02T10:44:47","date_gmt":"2021-08-02T13:44:47","guid":{"rendered":"https:\/\/eldiariodesanpedro.com.ar\/sitio\/?p=96724"},"modified":"2021-08-02T10:44:51","modified_gmt":"2021-08-02T13:44:51","slug":"coronavirus-decima-semana-consecutiva-de-baja-de-casos-en-la-provincia","status":"publish","type":"post","link":"https:\/\/eldiariodesanpedro.com.ar\/sitio\/coronavirus-decima-semana-consecutiva-de-baja-de-casos-en-la-provincia\/","title":{"rendered":"Coronavirus: d\u00e9cima semana consecutiva de baja de casos en la provincia"},"content":{"rendered":"<!-- VideographyWP Plugin Message: Automatic video embedding prevented by plugin options. -->\n\n<p>El Gobierno de la provincia de Buenos Aires asegur\u00f3 que contin\u00faan en baja los contagios de coronavirus.<\/p>\n\n\n\n<p>Desde el Gobierno de la provincia de Buenos Aires confirmaron que por d\u00e9cima semana consecutiva bajaron los contagios de\u00a0<strong>coronavirus.<\/strong>\u00a0Al mismo tiempo, mientras avanza la campa\u00f1a de vacunaci\u00f3n, el foco est\u00e1 puesto en intentar demorar la llegada de la variante Delta.<\/p>\n\n\n\n<p>El jefe de Gabinete,\u00a0<strong>Carlos Bianco<\/strong>, dio a conocer a trav\u00e9s de su cuenta de Twitter que\u00a0se produjo la \u00abd\u00e9cima semana consecutiva de ca\u00edda de casos en PBA, con un promedio diario de 3.325 casos: -8% respecto a la semana anterior y -72% respecto del pico de la segunda ola\u00bb.<\/p>\n\n\n\n<p>En ese sentido, el funcionario bonaerense manifest\u00f3 que \u00abvamos a seguir con el aislamiento de los ingresantes al pa\u00eds en hoteles, para demorar la llegada de la Delta\u00bb.<\/p>\n\n\n\n<p>En este contexto, desde este lunes 2 de agosto volvieron las clases presenciales en todo el territorio bonaerense y m\u00e1s de cuatro millones de estudiantes regresan a las aulas. Ante esta situaci\u00f3n, desde la Provincia piden continuar con los cuidados para evitar un aumento de\u00a0<strong>contagios<\/strong>\u00a0y no retroceder en la situaci\u00f3n epidemiol\u00f3gica.<\/p>\n\n\n\n<h3 class=\"wp-block-heading\">Campa\u00f1a de vacunaci\u00f3n: dosis aplicadas y turnos para adolescentes<\/h3>\n\n\n\n<p>El Gobierno bonaerense indic\u00f3 que&nbsp;hasta el domingo 9.720.287 personas recibieron la primera dosis de la vacuna contra el coronavirus, mientras 2.548.108 ya fueron inoculadas con la segunda. Adem\u00e1s, el 96,84% de las personas mayores de 60 a\u00f1os inscriptas ya est\u00e1n inmunizadas, lo que equivale a 2.532.657 ciudadanos.<\/p>\n\n\n\n<p>Asimismo, en la franja etaria de 18 a\u00f1os a 59 con comorbilidades hay 2.197.320 vacunados (92,74%); mientras el 79,65% en el mismo segmento, pero sin comorbilidades, ya est\u00e1 inoculado. En tanto, 56.421 embarazadas recibieron la vacuna de 98.241 inscriptas, que equivalen a 57,43%.<\/p>\n\n\n\n<p>Por su parte, el 95,66% del sector docente y no docente ya est\u00e1 vacunado, lo que representa 516.977 personas sobre un total de anotados de 540.412. En el rubro del personal de seguridad est\u00e1n vacunados 182.879 bonaerenses sobre 209.734 inscriptos, que alcanzan un porcentaje del 87,20.<\/p>\n\n\n\n<p>El viernes,\u00a0la\u00a0<strong>Provincia<\/strong>\u00a0envi\u00f3 los primeros 100 mil turnos para menores de edad, de 12 a 17 a\u00f1os priorizados por sus condiciones de salud, que comenzar\u00e1n a aplicarse desde el pr\u00f3ximo martes 3 de agosto. Es indispensable que los chicos y chicas de 12 a\u00f1os concurran al vacunatorio con un responsable afectivo.<\/p>\n\n\n\n<p>En Buenos Aires Vacunate la inscripci\u00f3n se encuentra abierta para todo el grupo etario de 12 a 17 a\u00f1os y se inicia en esta etapa la inmunizaci\u00f3n de aquellos que poseen condiciones de salud que implican mayor riesgo. Quienes deseen registrarse en el plan de vacunaci\u00f3n p\u00fablico, gratuito y optativo, pueden hacerlo desde la web vacunatepba.gba.gob.ar o a trav\u00e9s de la aplicaci\u00f3n VacunatePBA.<\/p>\n\n\n\n<p>Fuente: <a href=\"https:\/\/infocielo.com\/coronavirus\/coronavirus-decima-semana-consecutiva-baja-casos-n717157\">Infocielo<\/a><\/p>\n","protected":false},"excerpt":{"rendered":"<p>El Gobierno de la provincia de Buenos Aires asegur\u00f3 que contin\u00faan en baja los contagios de coronavirus. Desde el Gobierno de la provincia de Buenos Aires confirmaron que por d\u00e9cima semana consecutiva bajaron los contagios de\u00a0coronavirus.\u00a0Al mismo tiempo, mientras avanza la campa\u00f1a de vacunaci\u00f3n, el foco est\u00e1 puesto en intentar demorar la llegada de la [&hellip;]<\/p>\n","protected":false},"author":4,"featured_media":96725,"comment_status":"closed","ping_status":"closed","sticky":false,"template":"","format":"standard","meta":{"om_disable_all_campaigns":false,"_jetpack_memberships_contains_paid_content":false,"footnotes":""},"categories":[621],"tags":[],"class_list":["post-96724","post","type-post","status-publish","format-standard","has-post-thumbnail","hentry","category-regionales"],"aioseo_notices":[],"gutentor_comment":0,"jetpack_featured_media_url":"https:\/\/eldiariodesanpedro.com.ar\/sitio\/wp-content\/uploads\/2021\/08\/frio-invierno-coronavirus-barbijo.jpeg","jetpack_shortlink":"https:\/\/wp.me\/p6RhLt-pa4","jetpack_sharing_enabled":true,"_links":{"self":[{"href":"https:\/\/eldiariodesanpedro.com.ar\/sitio\/wp-json\/wp\/v2\/posts\/96724","targetHints":{"allow":["GET"]}}],"collection":[{"href":"https:\/\/eldiariodesanpedro.com.ar\/sitio\/wp-json\/wp\/v2\/posts"}],"about":[{"href":"https:\/\/eldiariodesanpedro.com.ar\/sitio\/wp-json\/wp\/v2\/types\/post"}],"author":[{"embeddable":true,"href":"https:\/\/eldiariodesanpedro.com.ar\/sitio\/wp-json\/wp\/v2\/users\/4"}],"replies":[{"embeddable":true,"href":"https:\/\/eldiariodesanpedro.com.ar\/sitio\/wp-json\/wp\/v2\/comments?post=96724"}],"version-history":[{"count":1,"href":"https:\/\/eldiariodesanpedro.com.ar\/sitio\/wp-json\/wp\/v2\/posts\/96724\/revisions"}],"predecessor-version":[{"id":96726,"href":"https:\/\/eldiariodesanpedro.com.ar\/sitio\/wp-json\/wp\/v2\/posts\/96724\/revisions\/96726"}],"wp:featuredmedia":[{"embeddable":true,"href":"https:\/\/eldiariodesanpedro.com.ar\/sitio\/wp-json\/wp\/v2\/media\/96725"}],"wp:attachment":[{"href":"https:\/\/eldiariodesanpedro.com.ar\/sitio\/wp-json\/wp\/v2\/media?parent=96724"}],"wp:term":[{"taxonomy":"category","embeddable":true,"href":"https:\/\/eldiariodesanpedro.com.ar\/sitio\/wp-json\/wp\/v2\/categories?post=96724"},{"taxonomy":"post_tag","embeddable":true,"href":"https:\/\/eldiariodesanpedro.com.ar\/sitio\/wp-json\/wp\/v2\/tags?post=96724"}],"curies":[{"name":"wp","href":"https:\/\/api.w.org\/{rel}","templated":true}]}}