{"id":96718,"date":"2021-08-02T10:18:16","date_gmt":"2021-08-02T13:18:16","guid":{"rendered":"https:\/\/eldiariodesanpedro.com.ar\/sitio\/?p=96718"},"modified":"2021-08-02T10:18:20","modified_gmt":"2021-08-02T13:18:20","slug":"clases-presenciales-toda-la-provincia-vuelve-a-las-aulas","status":"publish","type":"post","link":"https:\/\/eldiariodesanpedro.com.ar\/sitio\/clases-presenciales-toda-la-provincia-vuelve-a-las-aulas\/","title":{"rendered":"Clases presenciales: toda la Provincia vuelve a las aulas"},"content":{"rendered":"<!-- VideographyWP Plugin Message: Automatic video embedding prevented by plugin options. -->\n\n<p>Comienza la semana en la que toda la provincia de Buenos Aires finalmente tendr\u00e1 clases presenciales.<\/p>\n\n\n\n<p>Este lunes 2 de agosto los 135 municipios de la provincia de Buenos Aires retornar\u00e1n a las\u00a0<strong>clases presenciales<\/strong>\u00a0bajo protocolos sanitarios debido a la pandemia de coronavirus. As\u00ed, m\u00e1s de cuatro millones de estudiantes volver\u00e1n a las aulas. Mientras tanto, los gremios que componen el\u00a0<strong>Frente de Unidad Docente Bonaerense (FUDB)<\/strong>\u00a0lanzaron advertencias y pidieron que se cumplan con las medidas de cuidado.<\/p>\n\n\n\n<p>El Gobierno bonaerense anunci\u00f3 la semana pasada que a partir de este lunes regresa la presencialidad a las aulas debido a que se dej\u00f3 atr\u00e1s la Fase 2 en todo los distritos. De hecho, los \u00faltimos municipios que estaban en esa situaci\u00f3n eran 9 de Julio, Bol\u00edvar, Carlos Tejedor, Coronel Pringles, Florentino Ameghino, General Belgrano, General Lavalle, General Viamonte, Hip\u00f3lito Yrigoyen, Maip\u00fa, San Cayetano, Trenque Lauquen y Tres Lomas.<\/p>\n\n\n\n<p>De esta manera,&nbsp;tras las vacaciones de invierno, las clases regresar\u00e1n a las aulas en todo el territorio bonaerense con el sistema de burbujas sanitarias, clases remotas complementarias, distanciamiento social y uso de barbijos.<\/p>\n\n\n\n<p>\u201cA partir del pr\u00f3ximo lunes los 135 distritos vuelven con clases presenciales, obviamente respetando las burbujas y las definiciones del Consejo Federal de Educaci\u00f3n, con todas las normativas de cuidado que hemos implementado\u201d, expres\u00f3 el martes pasado jefe de Gabinete,&nbsp;<strong>Carlos Bianco<\/strong>, en conferencia de prensa junto al gobernador,&nbsp;<strong>Axel Kicillof<\/strong>.<\/p>\n\n\n\n<p>En este marco,\u00a0un total de 4.240.000 de estudiantes bonaerenses que asisten a un total de 16.400 establecimientos p\u00fablicos y privados est\u00e1n en condiciones de volver a la actividad en las escuelas de manera presencial.<\/p>\n\n\n\n<h3 class=\"wp-block-heading\">Vuelta a clases a presenciales: gremios docentes pidieron que se cumplan los protocolos<\/h3>\n\n\n\n<p>Desde\u00a0<strong>Suteba\u00a0<\/strong>expresaron que \u00aben el marco del retorno a las aulas en toda la Provincia, luego del receso invernal, sigue siendo de fundamental importancia el cumplimiento integral de los\u00a0<strong>protocolos<\/strong>\u00a0del Plan Jurisdiccional\u00bb.<\/p>\n\n\n\n<p>\u00abEste proceso es producto del avance de la vacunaci\u00f3n en nuestro sector y en toda la comunidad, abriendo nuevas expectativas y esperanzas el inicio de la vacunaci\u00f3n de ni\u00f1os y adolescentes\u00bb, a\u00f1adieron desde el gremio de\u00a0<strong>docentes.<\/strong><\/p>\n\n\n\n<p>Por su parte,&nbsp;<strong>Udocba&nbsp;<\/strong>se\u00f1al\u00f3 que se seguir\u00e1 trabajando para que tanto docentes como alumnos\/as est\u00e9n a salvo, vigilando el cumplimiento de medidas como el distanciamiento, el uso de tapabocas, la ventilaci\u00f3n cruzada y que haya elementos de higiene en las escuelas, entre otros\u00bb.<\/p>\n\n\n\n<p>Adem\u00e1s, aseguraron que&nbsp;\u00aben los establecimientos donde no se cumpla con los protocolos sanitarios, presentaremos la denuncia correspondientes y pediremos la suspensi\u00f3n de clases, tal como venimos haci\u00e9ndolo\u00bb.<\/p>\n\n\n\n<p>En tanto, la&nbsp;<strong>FEB&nbsp;<\/strong>exigi\u00f3 que \u00abla vuelta a clases sea segura\u00bb y pidi\u00f3: \u00abPlan de vacunaci\u00f3n de todo el personal docente y no docentes. Cumplimiento Integral de los protocolos del Plan Jurisdiccional. Resguardo y cuidado de docentes y toda la comunidad educativa\u00bb.<\/p>\n\n\n\n<p>\u00abA\u00fan la pandemia NO termin\u00f3\u00bb, aseguraron.<\/p>\n\n\n\n<h3 class=\"wp-block-heading\">Qu\u00e9 es el Plan Jurisdiccional para el Regreso Seguro a Clases Presenciales<\/h3>\n\n\n\n<p>El Plan Jurisdiccional para el Regreso Seguro a Clases Presenciales&nbsp;establece pautas para la organizaci\u00f3n institucional de las escuelas para posibilitar el distanciamiento social, la adecuada circulaci\u00f3n de aire, la limpieza y desinfecci\u00f3n de los establecimientos y la higiene personal.<\/p>\n\n\n\n<p>Por ello, los modelos de organizaci\u00f3n escolar y pedag\u00f3gica se implementan considerando el espacio que dispone cada establecimiento educativo para respetar el distanciamiento social obligatorio.<\/p>\n\n\n\n<p>Entre las pautas generales de cuidado, se encuentran el uso obligatorio de tapabocas para estudiantes, docentes y auxiliares; la distancia social entre estudiantes y docentes de al menos de un metro y medio entre estudiantes y de dos metros del docente en el aula, y de otros dos metros en espacios comunes.<\/p>\n\n\n\n<p>Tambi\u00e9n contempla la higiene frecuente de manos (al menos cada 90 minutos), el control de temperatura al ingreso del establecimiento (m\u00e1ximo 37,4\u00ba C), la ventilaci\u00f3n de los ambientes (al menos cada 90 minutos) y el mantenimiento de las puertas y ventanas siempre abiertas.<\/p>\n\n\n\n<p>La organizaci\u00f3n de los ingresos y egresos de las escuelas se realiza en horarios escalonados que eviten la concentraci\u00f3n de personas como pautar 15 minutos de diferencia entre los horarios de salida y entrada de los grupos de estudiantes.<\/p>\n","protected":false},"excerpt":{"rendered":"<p>Comienza la semana en la que toda la provincia de Buenos Aires finalmente tendr\u00e1 clases presenciales. Este lunes 2 de agosto los 135 municipios de la provincia de Buenos Aires retornar\u00e1n a las\u00a0clases presenciales\u00a0bajo protocolos sanitarios debido a la pandemia de coronavirus. As\u00ed, m\u00e1s de cuatro millones de estudiantes volver\u00e1n a las aulas. Mientras tanto, [&hellip;]<\/p>\n","protected":false},"author":4,"featured_media":96719,"comment_status":"closed","ping_status":"closed","sticky":false,"template":"","format":"standard","meta":{"om_disable_all_campaigns":false,"_jetpack_memberships_contains_paid_content":false,"footnotes":""},"categories":[50,101,2],"tags":[],"class_list":["post-96718","post","type-post","status-publish","format-standard","has-post-thumbnail","hentry","category-destacadas","category-interes-general-locales","category-locales"],"aioseo_notices":[],"gutentor_comment":0,"jetpack_featured_media_url":"https:\/\/eldiariodesanpedro.com.ar\/sitio\/wp-content\/uploads\/2021\/08\/clases-1-2jpg.jpg","jetpack_shortlink":"https:\/\/wp.me\/p6RhLt-p9Y","jetpack_sharing_enabled":true,"_links":{"self":[{"href":"https:\/\/eldiariodesanpedro.com.ar\/sitio\/wp-json\/wp\/v2\/posts\/96718","targetHints":{"allow":["GET"]}}],"collection":[{"href":"https:\/\/eldiariodesanpedro.com.ar\/sitio\/wp-json\/wp\/v2\/posts"}],"about":[{"href":"https:\/\/eldiariodesanpedro.com.ar\/sitio\/wp-json\/wp\/v2\/types\/post"}],"author":[{"embeddable":true,"href":"https:\/\/eldiariodesanpedro.com.ar\/sitio\/wp-json\/wp\/v2\/users\/4"}],"replies":[{"embeddable":true,"href":"https:\/\/eldiariodesanpedro.com.ar\/sitio\/wp-json\/wp\/v2\/comments?post=96718"}],"version-history":[{"count":1,"href":"https:\/\/eldiariodesanpedro.com.ar\/sitio\/wp-json\/wp\/v2\/posts\/96718\/revisions"}],"predecessor-version":[{"id":96720,"href":"https:\/\/eldiariodesanpedro.com.ar\/sitio\/wp-json\/wp\/v2\/posts\/96718\/revisions\/96720"}],"wp:featuredmedia":[{"embeddable":true,"href":"https:\/\/eldiariodesanpedro.com.ar\/sitio\/wp-json\/wp\/v2\/media\/96719"}],"wp:attachment":[{"href":"https:\/\/eldiariodesanpedro.com.ar\/sitio\/wp-json\/wp\/v2\/media?parent=96718"}],"wp:term":[{"taxonomy":"category","embeddable":true,"href":"https:\/\/eldiariodesanpedro.com.ar\/sitio\/wp-json\/wp\/v2\/categories?post=96718"},{"taxonomy":"post_tag","embeddable":true,"href":"https:\/\/eldiariodesanpedro.com.ar\/sitio\/wp-json\/wp\/v2\/tags?post=96718"}],"curies":[{"name":"wp","href":"https:\/\/api.w.org\/{rel}","templated":true}]}}