{"id":96711,"date":"2021-08-01T20:10:37","date_gmt":"2021-08-01T23:10:37","guid":{"rendered":"https:\/\/eldiariodesanpedro.com.ar\/sitio\/?p=96711"},"modified":"2021-08-01T20:10:41","modified_gmt":"2021-08-01T23:10:41","slug":"brenda-rojas-en-tokio-2020-la-palista-que-se-subio-a-un-bote-por-una-rifa-y-tiene-un-mural-en-su-pueblo-2","status":"publish","type":"post","link":"https:\/\/eldiariodesanpedro.com.ar\/sitio\/brenda-rojas-en-tokio-2020-la-palista-que-se-subio-a-un-bote-por-una-rifa-y-tiene-un-mural-en-su-pueblo-2\/","title":{"rendered":"Brenda Rojas, en Tokio 2020: la palista que se subi\u00f3 a un bote por una rifa y tiene un mural en su \u201cpueblo\u201d"},"content":{"rendered":"<!-- VideographyWP Plugin Message: Automatic video embedding prevented by plugin options. -->\n\n<p>Para clasificarse a estos Juegos tuvo que dirimir la plaza en tres duelos con Sabrina Ameghino, una hist\u00f3rica de este deporte; competir\u00e1 en el Sprint K1 200 metros.<\/p>\n\n\n\n<p>Ring\u2026 ring\u2026 suena el timbre en la casa de los Rojas. Sale a atender una chiquita, pelo largo, pura sonrisa. Abre la puerta, ufff\u2026 otra vez vendiendo rifas. \u201cHola nena, buenas tardes,&nbsp;<strong>soy de la escuelita de canotaje de Canaletas, estamos vendiendo una rifa para poder comprar un bote.<\/strong>&nbsp;\u00bfNos quer\u00e9s ayudar comprando una?\u201d. La nena es Brenda, en ese entonces ten\u00eda 12 a\u00f1os. \u00bfY les compraste la rifa? \u201cObvio\u201d, responde Brenda, hoy con 25. No solo le vendieron la rifa, sino tambi\u00e9n la invitaron a la escuelita. \u00bfGanaste el premio? \u201cCalculo que no\u201d, busca en su memoria, la palista que ya va camino a sus segundos Juegos Ol\u00edmpicos: \u201cBueno, \u00a1en realidad s\u00ed! Gan\u00e9 al conocer el deporte, antes lo ve\u00eda de lejos y para m\u00ed eran solo botecitos\u201d.<\/p>\n\n\n\n<p>\u201cAl otro d\u00eda de la rifa fui junto con un vecino que ya se entrenaba ah\u00ed\u201d, relata Brenda:<strong>&nbsp;\u201cUna vez que me sub\u00ed, me qued\u00e9 para siempre. Nunca pens\u00e9 que me iba a gustar tanto\u201d.<\/strong>&nbsp;Empez\u00f3 a viajar, a competir, a conocer nuevos lugares y rivales. \u201cSi en una regata me daban una paliza no importaba tanto\u201d, recuerda la chica de San Pedro: \u201cPorque el grupo te hac\u00eda el aguante. Lo que uno tiene atr\u00e1s es lo que vale\u201d.<\/p>\n\n\n\n<p>Entre paladas y viajes, Brenda fue creciendo y lleg\u00f3 a sus quince primaveras. Su mam\u00e1, Patricia, le dio a elegir entre la fiesta o aprovechar ese dinero para comprar algo. Su hija no lo dud\u00f3: \u201cEleg\u00ed el bote y la pala\u201d, sonr\u00ede y agrega: \u201cPero igual algo organiz\u00f3\u2026 \u00a1si ten\u00eda m\u00e1s ganas de festejar ella que yo! Es una masa, mi mam\u00e1\u201d. Patricia cri\u00f3 sola a Brenda desde que ella ten\u00eda 5 a\u00f1os. \u201cMe toc\u00f3 ser madre soltera y es complicado, porque cuando son dos, uno puede ser el duro y el otro el blando, y yo ten\u00eda que ser las dos cosas\u201d. No solo con Brenda, tambi\u00e9n con su hermana mayor Giuliana y las menores: Celina y Morena, cuando su padre, Marcelo, falleci\u00f3.<\/p>\n\n\n\n<p><strong>\u201cMam\u00e1 fue pap\u00e1 y fue todo\u201d,<\/strong>&nbsp;cuenta Brenda: \u201cTrabajaba 16 horas en el municipio y en el hospital de cocinera o mucama haciendo horas extras, para que nunca nos faltara nada\u201d. Tambi\u00e9n es cierto que despu\u00e9s de esas 16 horas, para la fiesta de 15, recort\u00f3 los antifaces, arm\u00f3 las guirnaldas, prepar\u00f3 los centros de mesa y, por supuesto, cocin\u00f3 toda la comida. Junto con sus hermanas y primas, nadie le esquiv\u00f3 el bulto al trabajo para que en el cumplea\u00f1os estuviera todo. As\u00ed lo resume Brenda: \u201cSi hay un motor en todo esto es ella\u2026 mi mam\u00e1 es mi \u00eddola\u201d.<\/p>\n\n\n\n<p>Con \u201ctodo esto\u201d no se refiere a la fiesta, sino a todo lo que vino luego.<strong>&nbsp;Si con 15 tuvo su cumplea\u00f1os, con 20 festej\u00f3 su consagraci\u00f3n al convertirse en ol\u00edmpica en R\u00edo 2016.&nbsp;<\/strong>\u201cComo no soy deportista no conozco los niveles\u201d, explica su madre. \u201cMe cuesta saber que tanto logr\u00f3. Pero cuando la vi en la tele, con tantos famosos, ah\u00ed ca\u00ed en todo lo que hab\u00eda conseguido. Dije: \u00a1uh, a d\u00f3nde lleg\u00f3!\u201d.<\/p>\n\n\n\n<p>\u201cEsos Juegos, siendo tan nueva y joven, fueron un shock\u201d, recuerda Brenda. En R\u00edo compiti\u00f3 en la distancia de 500 metros, en un kayak de 4 remeros. Una de las integrantes era Sabrina Ameghino, coprotagonista de uno de los duelos m\u00e1s cinematogr\u00e1ficos de la historia del kayak nacional.<\/p>\n\n\n\n<p>Finalizados los Juegos le toc\u00f3 a Brenda el regreso de R\u00edo a San Pedro, su ciudad. \u201cPara m\u00ed es un pueblo\u201d, afirma, m\u00e1s all\u00e1 de que supere c\u00f3modo los 40.000 habitantes:&nbsp;<strong>\u201cEs que tiene alma de pueblo, no tiene shopping, para m\u00ed es pueblo\u201d. Y<\/strong>&nbsp;cierra el debate sobre el \u201cpueblo\u201d donde nacieron Luis Sandrini, Lalo Mir, \u201cEl Pato\u201d Morresi (piloto de TC), Cesar Masetti, Julio Alsogaray (tres veces ol\u00edmpico en vela), Fernando Bravo y Silvio Velo (capit\u00e1n de los \u201cMurci\u00e9lagos\u201d). Lo meritorio es que Brenda, en esta tierra de ciudadanos ilustres, tiene su propio mural.<\/p>\n\n\n\n<p>\u201cMe siento muy halagada y querida en San Pedro, ac\u00e1 reconocen a todos los deportistas\u201d, detalla la retratada. Pero R\u00edo pas\u00f3 y a pura remada lleg\u00f3 a los Panamericanos de Lima 2019. La nena se iba convirtiendo en mujer y se colgaba del cuello la medalla de plata en los 500m del kayak doble y la de bronce en la misma distancia pero en el bote con cuatro integrantes, una de ellas: Sabrina Ameghino. Ac\u00e1, el relato se asemeja a un guion de pel\u00edcula pero que escribi\u00f3 el destino.<\/p>\n\n\n\n<p><strong>Sabrina Ameghino<\/strong>&nbsp;es la hist\u00f3rica palista argentina, fue la mujer a seguir en la remada de cada chica que se sumaba a la actividad. Despu\u00e9s de 5 medallas sudamericanas a los 22 a\u00f1os, con 24 fue madre y se retir\u00f3 del deporte durante 6 a\u00f1os. Volvi\u00f3 para mostrarle a su hija la actividad y se clasific\u00f3 para Londres 2012. Sin embargo, y a\u00fan no queda claro, por medidas federativas no la llevaron. La sigui\u00f3 remando y se convirti\u00f3 en ol\u00edmpica en R\u00edo 2016. En el camino gan\u00f3 8 medallas Panamericanas, todas de bronce y plata, faltaba un color y llegar\u00eda en Lima 2019. All\u00ed Sabrina conquist\u00f3 el deseado oro (la primera palista argentina en conseguirlo), suma 9 medallas que la convierten en la deportista nacional m\u00e1s con m\u00e1s preseas y como frutilla del postre: consigue la plaza para los Juegos de Tokio.<\/p>\n\n\n\n<p>Ser\u00eda la primera palista argentina en ir a dos Juegos y con 40 a\u00f1os de edad firmaba su consagraci\u00f3n hist\u00f3rica. \u00bfQui\u00e9n lo merec\u00eda m\u00e1s que ella? Y ac\u00e1 hay que comprender las reglas de este deporte. La plaza para los Juegos no la obtiene el deportista sino el pa\u00eds. Despu\u00e9s, la Federaci\u00f3n define a qui\u00e9n se la otorga. Brenda ten\u00eda todo el potencial, pero el pasaje a Tokio lo hab\u00eda luchado Sabrina, por lo que se decide realizar tres carreras. Si en una sola de ellas Sabrina llegaba por delante de Brenda, la primera ir\u00eda a sus segundos Juegos. Si en las tres Brenda demostraba ser m\u00e1s veloz, ser\u00eda justo que recibiera el pasaje la sanpedrina.<\/p>\n\n\n\n<p>La madre deportista, la hist\u00f3rica, la m\u00e1s ganadora, con 40 a\u00f1os,<strong>&nbsp;se enfrentaba a la mayor proyecci\u00f3n, la chica de 25 que ven\u00eda remando fuert\u00edsimo por su futuro.<\/strong>&nbsp;No solo era una clasificaci\u00f3n, era un episodio m\u00e1s en la eterna lucha generacional entre deportistas de cualquier disciplina. \u201cSabri es una genia e hizo que el duelo no sea tal\u201d, sit\u00faa Brenda en su justa magnitud al relato: \u201cQuiz\u00e1s con otra sin su experiencia hubiese sido m\u00e1s hostil\u201d. Hab\u00eda que salir a remar y el primer encuentro fue en el selectivo nacional. Una vez m\u00e1s, para recordar: con una sola victoria, la plaza le corresponder\u00eda a Sabrina. Pero esa primera la gan\u00f3 Brenda.<\/p>\n\n\n\n<p>El segundo cap\u00edtulo continu\u00f3 en Hungr\u00eda, en una Copa del Mundo. \u201cAh\u00ed ya ten\u00eda nervios\u201d, recuerda Brenda, \u201cporque iba a ser mi primera vez en un certamen internacional remando sola; siempre hab\u00eda ido en equipo\u201d. Con nervios o sin ellos, la revancha fue para Brenda. Quedaba una \u00faltima chance, ganaba Ameghino y le pon\u00eda el m\u00e1ximo final a su trayectoria. Pero si ganaba Rojas, pateaba el tablero de la historia.<\/p>\n\n\n\n<p>Le pidieron a la organizaci\u00f3n de la Copa en Hungr\u00eda, al d\u00eda siguiente, poder utilizar la pista de remo para ambas palistas. Mano a mano, en 200 metros, ellas y la clasificaci\u00f3n. Largaron a la par, mitad de carrera y segu\u00edan los dos botes pegados; 50 metros para la llegada y no hab\u00eda diferencia visible. Se consum\u00edan las \u00faltimas paladas, 20 metros sin verse un diferencia y en el \u00faltimo empuje un bote lleg\u00f3, apenas, adelante.<\/p>\n\n\n\n<p>\u201cFue la nada misma\u201d, reconoce Brenda, sobre la diferencia de cent\u00edmetros que le dio la victoria.&nbsp;<strong>\u201cFelicito inmensamente a Brenda, esta vez no fue para m\u00ed, dej\u00e9 todo en cada palada pero no pudo ser\u201d,&nbsp;<\/strong>dir\u00eda Sabrina con emoci\u00f3n y sinceridad. \u201cSabri es mi compa\u00f1era desde 2014, y yo a mis compa\u00f1eras las admiro\u201d, explicar\u00eda Brenda: \u201cSiempre fue de gran apoyo en todo mi crecimiento. Si cuando yo entr\u00e9 con 19 a\u00f1os era una pollita\u201d.<\/p>\n\n\n\n<p>De esta forma, Rojas se convirti\u00f3 en la primera palista en estar en dos Juegos. \u201cYo nunca lo busqu\u00e9 a ver si es verdad que soy la \u00fanica, me dijeron y les creo\u201d, se sincera Brenda. Est\u00e1 ahora a punto de representar a la Argentina en los 200 metros individuales y ya es toda una deportista que desborda el kayak de autoridad. As\u00ed la describe Agust\u00edn Vernice, campe\u00f3n del mundo sub 23 y tambi\u00e9n representante en Tokio: \u201cBrenda tiene unos cojones\u2026 bueno, claro, es mujer, no queda bien decir eso: tiene mucha garra, se nota que lo da todo\u201d.<\/p>\n\n\n\n<p>\u201cMi mayor objetivo en Tokio es llegar a la final\u201d, define Brenda: \u201cEs muy dif\u00edcil, si no sucede tampoco me voy a poner mal. Pero disfruto de lo que hago y todos los d\u00edas quiero superarme\u201d. Patricia, su mam\u00e1, tiene una mirada algo distinta a la de Agust\u00edn: \u201cM\u00e1s all\u00e1 de que es toda una mujer, lleva su ni\u00f1a interior y siempre la veo chica. Sigue siendo chinchuda, a la ma\u00f1ana cuando se levanta, ya despu\u00e9s de unas horas mejora el humor. Es sencilla, humilde, t\u00edmida. Siempre la acompa\u00f1\u00e9 y me gustar\u00eda estar en Tokio con ella, pero bueno, no se puede\u201d.<\/p>\n\n\n\n<p>La nena que compr\u00f3 una rifa a la escuelita de remo de las Canaletas, ahora en Tokio quiere ganarse el premio mayor, no por sorteo, sino por esfuerzo.<\/p>\n\n\n\n<p>Fuente:&nbsp;<a href=\"https:\/\/www.lanacion.com.ar\/deportes\/brenda-rojas-en-tokio-2020-la-palista-que-se-subio-a-un-bote-por-una-rifa-y-tiene-un-mural-en-su-nid01082021\/?fbclid=IwAR0GXXPxHzLbNC1tpFcoL5ny9iUnKiBx4jdhfkQ63i07bO7bg6YcqAfHBPw\">La Nacion<\/a>&nbsp;Por:&nbsp;<a href=\"https:\/\/www.lanacion.com.ar\/autor\/ezequiel-brahim-7606\/\">Ezequiel Brahim<\/a><\/p>\n","protected":false},"excerpt":{"rendered":"<p>Para clasificarse a estos Juegos tuvo que dirimir la plaza en tres duelos con Sabrina Ameghino, una hist\u00f3rica de este deporte; competir\u00e1 en el Sprint K1 200 metros. Ring\u2026 ring\u2026 suena el timbre en la casa de los Rojas. Sale a atender una chiquita, pelo largo, pura sonrisa. Abre la puerta, ufff\u2026 otra vez vendiendo [&hellip;]<\/p>\n","protected":false},"author":4,"featured_media":96713,"comment_status":"closed","ping_status":"closed","sticky":false,"template":"","format":"standard","meta":{"om_disable_all_campaigns":false,"_jetpack_memberships_contains_paid_content":false,"footnotes":""},"categories":[50,101,2],"tags":[],"class_list":["post-96711","post","type-post","status-publish","format-standard","has-post-thumbnail","hentry","category-destacadas","category-interes-general-locales","category-locales"],"aioseo_notices":[],"gutentor_comment":0,"jetpack_featured_media_url":"https:\/\/eldiariodesanpedro.com.ar\/sitio\/wp-content\/uploads\/2021\/08\/N3L3OF4NVZERXA4RJ2JWJQ6Z5A.jpg","jetpack_shortlink":"https:\/\/wp.me\/p6RhLt-p9R","jetpack_sharing_enabled":true,"_links":{"self":[{"href":"https:\/\/eldiariodesanpedro.com.ar\/sitio\/wp-json\/wp\/v2\/posts\/96711","targetHints":{"allow":["GET"]}}],"collection":[{"href":"https:\/\/eldiariodesanpedro.com.ar\/sitio\/wp-json\/wp\/v2\/posts"}],"about":[{"href":"https:\/\/eldiariodesanpedro.com.ar\/sitio\/wp-json\/wp\/v2\/types\/post"}],"author":[{"embeddable":true,"href":"https:\/\/eldiariodesanpedro.com.ar\/sitio\/wp-json\/wp\/v2\/users\/4"}],"replies":[{"embeddable":true,"href":"https:\/\/eldiariodesanpedro.com.ar\/sitio\/wp-json\/wp\/v2\/comments?post=96711"}],"version-history":[{"count":1,"href":"https:\/\/eldiariodesanpedro.com.ar\/sitio\/wp-json\/wp\/v2\/posts\/96711\/revisions"}],"predecessor-version":[{"id":96714,"href":"https:\/\/eldiariodesanpedro.com.ar\/sitio\/wp-json\/wp\/v2\/posts\/96711\/revisions\/96714"}],"wp:featuredmedia":[{"embeddable":true,"href":"https:\/\/eldiariodesanpedro.com.ar\/sitio\/wp-json\/wp\/v2\/media\/96713"}],"wp:attachment":[{"href":"https:\/\/eldiariodesanpedro.com.ar\/sitio\/wp-json\/wp\/v2\/media?parent=96711"}],"wp:term":[{"taxonomy":"category","embeddable":true,"href":"https:\/\/eldiariodesanpedro.com.ar\/sitio\/wp-json\/wp\/v2\/categories?post=96711"},{"taxonomy":"post_tag","embeddable":true,"href":"https:\/\/eldiariodesanpedro.com.ar\/sitio\/wp-json\/wp\/v2\/tags?post=96711"}],"curies":[{"name":"wp","href":"https:\/\/api.w.org\/{rel}","templated":true}]}}