{"id":96701,"date":"2021-08-01T19:05:50","date_gmt":"2021-08-01T22:05:50","guid":{"rendered":"https:\/\/eldiariodesanpedro.com.ar\/sitio\/?p=96701"},"modified":"2021-08-01T19:05:51","modified_gmt":"2021-08-01T22:05:51","slug":"incendiario-tres-automoviles-estacionados-en-la-via-publica","status":"publish","type":"post","link":"https:\/\/eldiariodesanpedro.com.ar\/sitio\/incendiario-tres-automoviles-estacionados-en-la-via-publica\/","title":{"rendered":"Incendiario tres autom\u00f3viles estacionados en la v\u00eda p\u00fablica"},"content":{"rendered":"<!-- VideographyWP Plugin Message: Automatic video embedding prevented by plugin options. -->\n\n<p>Durante la madrugada de este domingo el personal policial juntamente con bomberos voluntarios de nuestra ciudad se desplazaron hasta calle Bozzano al 1100 lugar donde el propietario un ciudadano de 72 a\u00f1os quien posee taller de autom\u00f3viles sufre el incendio de tres veh\u00edculos en desuso estacionados en la v\u00eda p\u00fablica siendo aparentemente intencional, aguardando la llegada de personal de peritaje de Bomberos de San Nicol\u00e1s para su confirmaci\u00f3n.-<\/p>\n","protected":false},"excerpt":{"rendered":"<p>Durante la madrugada de este domingo el personal policial juntamente con bomberos voluntarios de nuestra ciudad se desplazaron hasta calle Bozzano al 1100 lugar donde el propietario un ciudadano de 72 a\u00f1os quien posee taller de autom\u00f3viles sufre el incendio de tres veh\u00edculos en desuso estacionados en la v\u00eda p\u00fablica siendo aparentemente intencional, aguardando la [&hellip;]<\/p>\n","protected":false},"author":4,"featured_media":96702,"comment_status":"closed","ping_status":"closed","sticky":false,"template":"","format":"standard","meta":{"om_disable_all_campaigns":false,"_jetpack_memberships_contains_paid_content":false,"footnotes":""},"categories":[50,2,103],"tags":[],"class_list":["post-96701","post","type-post","status-publish","format-standard","has-post-thumbnail","hentry","category-destacadas","category-locales","category-policiales-locales"],"aioseo_notices":[],"gutentor_comment":0,"jetpack_featured_media_url":"https:\/\/eldiariodesanpedro.com.ar\/sitio\/wp-content\/uploads\/2021\/08\/WhatsApp-Image-2021-08-01-at-10.24.23.jpeg","jetpack_shortlink":"https:\/\/wp.me\/p6RhLt-p9H","jetpack_sharing_enabled":true,"_links":{"self":[{"href":"https:\/\/eldiariodesanpedro.com.ar\/sitio\/wp-json\/wp\/v2\/posts\/96701","targetHints":{"allow":["GET"]}}],"collection":[{"href":"https:\/\/eldiariodesanpedro.com.ar\/sitio\/wp-json\/wp\/v2\/posts"}],"about":[{"href":"https:\/\/eldiariodesanpedro.com.ar\/sitio\/wp-json\/wp\/v2\/types\/post"}],"author":[{"embeddable":true,"href":"https:\/\/eldiariodesanpedro.com.ar\/sitio\/wp-json\/wp\/v2\/users\/4"}],"replies":[{"embeddable":true,"href":"https:\/\/eldiariodesanpedro.com.ar\/sitio\/wp-json\/wp\/v2\/comments?post=96701"}],"version-history":[{"count":1,"href":"https:\/\/eldiariodesanpedro.com.ar\/sitio\/wp-json\/wp\/v2\/posts\/96701\/revisions"}],"predecessor-version":[{"id":96703,"href":"https:\/\/eldiariodesanpedro.com.ar\/sitio\/wp-json\/wp\/v2\/posts\/96701\/revisions\/96703"}],"wp:featuredmedia":[{"embeddable":true,"href":"https:\/\/eldiariodesanpedro.com.ar\/sitio\/wp-json\/wp\/v2\/media\/96702"}],"wp:attachment":[{"href":"https:\/\/eldiariodesanpedro.com.ar\/sitio\/wp-json\/wp\/v2\/media?parent=96701"}],"wp:term":[{"taxonomy":"category","embeddable":true,"href":"https:\/\/eldiariodesanpedro.com.ar\/sitio\/wp-json\/wp\/v2\/categories?post=96701"},{"taxonomy":"post_tag","embeddable":true,"href":"https:\/\/eldiariodesanpedro.com.ar\/sitio\/wp-json\/wp\/v2\/tags?post=96701"}],"curies":[{"name":"wp","href":"https:\/\/api.w.org\/{rel}","templated":true}]}}