{"id":96629,"date":"2021-07-30T20:13:22","date_gmt":"2021-07-30T23:13:22","guid":{"rendered":"https:\/\/eldiariodesanpedro.com.ar\/sitio\/?p=96629"},"modified":"2021-07-30T20:13:32","modified_gmt":"2021-07-30T23:13:32","slug":"se-enviaron-100-mil-turnos-a-los-jovenes-entre-12-y-17-anos-con-comorbilidades-y-comenzaran-a-vacunar-el-martes-proximo","status":"publish","type":"post","link":"https:\/\/eldiariodesanpedro.com.ar\/sitio\/se-enviaron-100-mil-turnos-a-los-jovenes-entre-12-y-17-anos-con-comorbilidades-y-comenzaran-a-vacunar-el-martes-proximo\/","title":{"rendered":"Se enviaron 100 mil turnos a los j\u00f3venes entre 12 y 17 a\u00f1os con comorbilidades y comenzar\u00e1n a vacunar el martes pr\u00f3ximo"},"content":{"rendered":"<!-- VideographyWP Plugin Message: Automatic video embedding prevented by plugin options. -->\n\n<p>Hoy se enviar\u00e1n m\u00e1s de 100 mil turnos para comenzar a inmunizar desde el martes pr\u00f3ximo con la vacuna Moderna a los j\u00f3venes de 12 a 17 a\u00f1os \u00abcon situaciones de salud priorizadas\u00bb de toda la provincia. As\u00ed se inform\u00f3 hoy desde el ministerio de Salud bonaerense. Los padres deben firmar una declaraci\u00f3n jurada<\/p>\n\n\n\n<p>M\u00e1s de 100 mil adolescentes de entre 12 y 17 a\u00f1os con comorbilidades recibir\u00e1n la primera dosis de la vacuna contra el coronavirus a partir del martes pr\u00f3ximo en la provincia de Buenos Aires, seg\u00fan inform\u00f3 a subsecretaria de Gesti\u00f3n de la informaci\u00f3n, Leticia Ceriani.<\/p>\n\n\n\n<p>La funcionaria detall\u00f3 que hoy se enviar\u00e1n m\u00e1s de 100 mil turnos para comenzar a inmunizar desde el martes pr\u00f3ximo con la vacuna Moderna a los j\u00f3venes de 12 a 17 a\u00f1os \u00abcon situaciones de salud priorizadas\u00bb de toda la provincia.<\/p>\n\n\n\n<p>Explic\u00f3 que ya son 615 mil los menores de edad anotados en https:\/\/vacunatepba.gba.gob.ar\/ para recibir sus dosis y apunt\u00f3 que de ese total algo m\u00e1s de 100 mil chicos y chicas \u00abser\u00e1n priorizados porque est\u00e1n en una situaci\u00f3n de mayor vulnerabilidad\u00bb.<\/p>\n\n\n\n<p>Ceriani -tal como public\u00f3 T\u00e9lam- calcul\u00f3 que esas 100 mil dosis ser\u00e1n aplicadas entre la semana pr\u00f3xima y la siguiente, y se mostr\u00f3 confiada en que habr\u00e1 una registraci\u00f3n \u00abmasiva\u00bb de adolescentes.<\/p>\n\n\n\n<p>En ese sentido, el jefe de asesores del Ministerio de Salud bonaerense, Enio Garc\u00eda, inform\u00f3 hoy que el martes pr\u00f3ximo comenzar\u00e1n aplicarse las dosis a los adolescentes de entre 12 y 17 a\u00f1os con comorbilidades.<\/p>\n\n\n\n<p>En ese marco, record\u00f3 que los padres, madres, tutores o cuidadores de ni\u00f1os y ni\u00f1as de 12 a\u00f1os deben firmar una declaraci\u00f3n jurada que avale esa registraci\u00f3n \u00aby estar acompa\u00f1ados al momento de vacunarse\u00bb.<\/p>\n\n\n\n<p>Por otro lado, en di\u00e1logo con la radio online FutuR\u00f6ck, dijo que la pr\u00f3xima semana tendr\u00e1n los primeros resultados de estudios sobre la efectividad de la combinaci\u00f3n de vacunas contra el coronavirus.<\/p>\n\n\n\n<p>Sostuvo que \u00abla pr\u00f3xima semana\u00bb tendr\u00e1n disponibles \u00ablas primeras muestras de los ensayos que se iniciaron hace dos semanas, con las personas voluntarias para probar la combinaci\u00f3n de vacunas\u00bb.<\/p>\n\n\n\n<p>\u00abUno de los objetivos del estudio de combinaci\u00f3n de vacunas es la seguridad, verificar que no produzcan mayores efectos adversos que el esquema actual\u00bb, se\u00f1al\u00f3 y agreg\u00f3 que hasta ahora no ven \u00abnada distinto o m\u00e1s grave que lo que sucede con el esquema actual\u00bb de inmunizaci\u00f3n.<\/p>\n\n\n\n<p>El estudio se realiz\u00f3 con 1.500 personas de entre 18 y 70 a\u00f1os de la provincia de Buenos Aires, quienes hab\u00edan recibido la primera dosis de la vacuna en un lapso de entre 15 d\u00edas y dos meses.<\/p>\n\n\n\n<p>\u00abA los que recibieron Sputnik V, estamos probando con la segunda de Sinopharm y Astrazeneca\u00bb, detall\u00f3 Garc\u00eda, quien a\u00f1adi\u00f3 que se incorporar\u00e1 la vacuna de Moderna a esos ensayos de combinaci\u00f3n.<\/p>\n\n\n\n<p>Sobre los estudios en curso, explic\u00f3 que, como a\u00fan se desconoce si se aplicar\u00e1n las vacunas contra la Covid-19 cada a\u00f1o, como ocurre con la gripe, estim\u00f3 que sirven de cara al futuro.<\/p>\n\n\n\n<p>\u00abM\u00e1s que nada para planificar la compra de vacunas y quiz\u00e1s pensar en una combinaci\u00f3n de vacunas en clave de pol\u00edtica p\u00fablica, que adem\u00e1s produzca alg\u00fan ahorro en el Estado\u00bb, se\u00f1al\u00f3 y sostuvo que se busca \u00abseguir un esquema de inmunizaci\u00f3n igual o mejor al actual\u00bb.<\/p>\n","protected":false},"excerpt":{"rendered":"<p>Hoy se enviar\u00e1n m\u00e1s de 100 mil turnos para comenzar a inmunizar desde el martes pr\u00f3ximo con la vacuna Moderna a los j\u00f3venes de 12 a 17 a\u00f1os \u00abcon situaciones de salud priorizadas\u00bb de toda la provincia. As\u00ed se inform\u00f3 hoy desde el ministerio de Salud bonaerense. Los padres deben firmar una declaraci\u00f3n jurada M\u00e1s [&hellip;]<\/p>\n","protected":false},"author":4,"featured_media":96630,"comment_status":"closed","ping_status":"closed","sticky":false,"template":"","format":"standard","meta":{"om_disable_all_campaigns":false,"_jetpack_memberships_contains_paid_content":false,"footnotes":""},"categories":[621],"tags":[],"class_list":["post-96629","post","type-post","status-publish","format-standard","has-post-thumbnail","hentry","category-regionales"],"aioseo_notices":[],"gutentor_comment":0,"jetpack_featured_media_url":"https:\/\/eldiariodesanpedro.com.ar\/sitio\/wp-content\/uploads\/2021\/07\/131760_3.jpg","jetpack_shortlink":"https:\/\/wp.me\/p6RhLt-p8x","jetpack_sharing_enabled":true,"_links":{"self":[{"href":"https:\/\/eldiariodesanpedro.com.ar\/sitio\/wp-json\/wp\/v2\/posts\/96629","targetHints":{"allow":["GET"]}}],"collection":[{"href":"https:\/\/eldiariodesanpedro.com.ar\/sitio\/wp-json\/wp\/v2\/posts"}],"about":[{"href":"https:\/\/eldiariodesanpedro.com.ar\/sitio\/wp-json\/wp\/v2\/types\/post"}],"author":[{"embeddable":true,"href":"https:\/\/eldiariodesanpedro.com.ar\/sitio\/wp-json\/wp\/v2\/users\/4"}],"replies":[{"embeddable":true,"href":"https:\/\/eldiariodesanpedro.com.ar\/sitio\/wp-json\/wp\/v2\/comments?post=96629"}],"version-history":[{"count":1,"href":"https:\/\/eldiariodesanpedro.com.ar\/sitio\/wp-json\/wp\/v2\/posts\/96629\/revisions"}],"predecessor-version":[{"id":96631,"href":"https:\/\/eldiariodesanpedro.com.ar\/sitio\/wp-json\/wp\/v2\/posts\/96629\/revisions\/96631"}],"wp:featuredmedia":[{"embeddable":true,"href":"https:\/\/eldiariodesanpedro.com.ar\/sitio\/wp-json\/wp\/v2\/media\/96630"}],"wp:attachment":[{"href":"https:\/\/eldiariodesanpedro.com.ar\/sitio\/wp-json\/wp\/v2\/media?parent=96629"}],"wp:term":[{"taxonomy":"category","embeddable":true,"href":"https:\/\/eldiariodesanpedro.com.ar\/sitio\/wp-json\/wp\/v2\/categories?post=96629"},{"taxonomy":"post_tag","embeddable":true,"href":"https:\/\/eldiariodesanpedro.com.ar\/sitio\/wp-json\/wp\/v2\/tags?post=96629"}],"curies":[{"name":"wp","href":"https:\/\/api.w.org\/{rel}","templated":true}]}}