{"id":96626,"date":"2021-07-30T19:57:23","date_gmt":"2021-07-30T22:57:23","guid":{"rendered":"https:\/\/eldiariodesanpedro.com.ar\/sitio\/?p=96626"},"modified":"2021-07-30T19:57:27","modified_gmt":"2021-07-30T22:57:27","slug":"otra-lista-que-se-cae-enzo-gravino-y-su-gente-tambien-quedarian-afuera-de-las-paso","status":"publish","type":"post","link":"https:\/\/eldiariodesanpedro.com.ar\/sitio\/otra-lista-que-se-cae-enzo-gravino-y-su-gente-tambien-quedarian-afuera-de-las-paso\/","title":{"rendered":"Otra lista que se cae, Enzo Gravino y su gente tambi\u00e9n quedar\u00edan afuera de las PASO"},"content":{"rendered":"<!-- VideographyWP Plugin Message: Automatic video embedding prevented by plugin options. -->\n\n<p>Como viene sucediendo el d\u00eda de ayer y hoy los frentes electorales y los partidos vienen definiendo qui\u00e9nes ser\u00e1n los precandidatos definitivos a participar en las pr\u00f3ximas PASO el 12 de septiembre.<\/p>\n\n\n\n<p>En esta oportunidad la Junta Electoral de Juntos present\u00f3 las listas que fueron oficializadas y en esta oportunidad qued\u00f3 afuera la lista de Enzo Gravino que pertenece a la UCR quedando como \u00fanica representante oficial la lista de Paola Basso representado a la UCR oficial.<\/p>\n\n\n\n<p>Seg\u00fan inform\u00f3 Enzo Gravino est\u00e1n tratando de resolver el problema para que sea incluido antes de este s\u00e1bado que ser\u00e1 el cierre definitivo de la Junta Electoral Nacional.<\/p>\n","protected":false},"excerpt":{"rendered":"<p>Como viene sucediendo el d\u00eda de ayer y hoy los frentes electorales y los partidos vienen definiendo qui\u00e9nes ser\u00e1n los precandidatos definitivos a participar en las pr\u00f3ximas PASO el 12 de septiembre. En esta oportunidad la Junta Electoral de Juntos present\u00f3 las listas que fueron oficializadas y en esta oportunidad qued\u00f3 afuera la lista de [&hellip;]<\/p>\n","protected":false},"author":4,"featured_media":96627,"comment_status":"closed","ping_status":"closed","sticky":false,"template":"","format":"standard","meta":{"om_disable_all_campaigns":false,"_jetpack_memberships_contains_paid_content":false,"footnotes":""},"categories":[2,102],"tags":[],"class_list":["post-96626","post","type-post","status-publish","format-standard","has-post-thumbnail","hentry","category-locales","category-politica-locales"],"aioseo_notices":[],"gutentor_comment":0,"jetpack_featured_media_url":"https:\/\/eldiariodesanpedro.com.ar\/sitio\/wp-content\/uploads\/2021\/07\/Enzo-Gravino-Lucia-Arana-dos.jpg","jetpack_shortlink":"https:\/\/wp.me\/p6RhLt-p8u","jetpack_sharing_enabled":true,"_links":{"self":[{"href":"https:\/\/eldiariodesanpedro.com.ar\/sitio\/wp-json\/wp\/v2\/posts\/96626","targetHints":{"allow":["GET"]}}],"collection":[{"href":"https:\/\/eldiariodesanpedro.com.ar\/sitio\/wp-json\/wp\/v2\/posts"}],"about":[{"href":"https:\/\/eldiariodesanpedro.com.ar\/sitio\/wp-json\/wp\/v2\/types\/post"}],"author":[{"embeddable":true,"href":"https:\/\/eldiariodesanpedro.com.ar\/sitio\/wp-json\/wp\/v2\/users\/4"}],"replies":[{"embeddable":true,"href":"https:\/\/eldiariodesanpedro.com.ar\/sitio\/wp-json\/wp\/v2\/comments?post=96626"}],"version-history":[{"count":1,"href":"https:\/\/eldiariodesanpedro.com.ar\/sitio\/wp-json\/wp\/v2\/posts\/96626\/revisions"}],"predecessor-version":[{"id":96628,"href":"https:\/\/eldiariodesanpedro.com.ar\/sitio\/wp-json\/wp\/v2\/posts\/96626\/revisions\/96628"}],"wp:featuredmedia":[{"embeddable":true,"href":"https:\/\/eldiariodesanpedro.com.ar\/sitio\/wp-json\/wp\/v2\/media\/96627"}],"wp:attachment":[{"href":"https:\/\/eldiariodesanpedro.com.ar\/sitio\/wp-json\/wp\/v2\/media?parent=96626"}],"wp:term":[{"taxonomy":"category","embeddable":true,"href":"https:\/\/eldiariodesanpedro.com.ar\/sitio\/wp-json\/wp\/v2\/categories?post=96626"},{"taxonomy":"post_tag","embeddable":true,"href":"https:\/\/eldiariodesanpedro.com.ar\/sitio\/wp-json\/wp\/v2\/tags?post=96626"}],"curies":[{"name":"wp","href":"https:\/\/api.w.org\/{rel}","templated":true}]}}