{"id":96617,"date":"2021-07-30T19:36:32","date_gmt":"2021-07-30T22:36:32","guid":{"rendered":"https:\/\/eldiariodesanpedro.com.ar\/sitio\/?p=96617"},"modified":"2021-07-30T19:36:36","modified_gmt":"2021-07-30T22:36:36","slug":"nuevo-buque-anunciado-para-carga-de-maiz-que-sera-trasladado-a-uruguay","status":"publish","type":"post","link":"https:\/\/eldiariodesanpedro.com.ar\/sitio\/nuevo-buque-anunciado-para-carga-de-maiz-que-sera-trasladado-a-uruguay\/","title":{"rendered":"Nuevo buque anunciado para carga de maiz que sera trasladado a Uruguay"},"content":{"rendered":"<!-- VideographyWP Plugin Message: Automatic video embedding prevented by plugin options. -->\n\n<p>La Gesti\u00f3n del Puerto San Pedro informa que el pr\u00f3ximo lunes 02 de agosto llegar\u00e1 un buque denominado \u201cIncansable\u201d de bandera paraguaya con procedencia de Uruguay.<\/p>\n\n\n\n<p>El barco atracar\u00e1 en el muelle cabecera con 92,07 mts donde cargar\u00e1 2.300 toneladas de ma\u00edz partido a granel aproximadamente que trasladar\u00e1 hacia el vecino pa\u00eds de Uruguay.<br><br>BUQUE:&nbsp; <strong>INCANSABLE<\/strong><strong><br><\/strong>BANDERA:&nbsp; Paraguaya<br>ESLORA:&nbsp; 92.07 MTS<br>PROCEDENCIA: Uruguay<br>MUELLE:&nbsp; Cabecera<br>ARRIBO ESTIMADO: <strong>02-08-21 AM<\/strong><strong><br><\/strong>MERCADERIA:&nbsp; Aproximadamente 2.300 toneladas de ma\u00edz partido a granel<br>DESTINO:&nbsp; <strong>Uruguay<\/strong><\/p>\n","protected":false},"excerpt":{"rendered":"<p>La Gesti\u00f3n del Puerto San Pedro informa que el pr\u00f3ximo lunes 02 de agosto llegar\u00e1 un buque denominado \u201cIncansable\u201d de bandera paraguaya con procedencia de Uruguay. El barco atracar\u00e1 en el muelle cabecera con 92,07 mts donde cargar\u00e1 2.300 toneladas de ma\u00edz partido a granel aproximadamente que trasladar\u00e1 hacia el vecino pa\u00eds de Uruguay. BUQUE:&nbsp; [&hellip;]<\/p>\n","protected":false},"author":4,"featured_media":96618,"comment_status":"closed","ping_status":"closed","sticky":false,"template":"","format":"standard","meta":{"om_disable_all_campaigns":false,"_jetpack_memberships_contains_paid_content":false,"footnotes":""},"categories":[101,2],"tags":[],"class_list":["post-96617","post","type-post","status-publish","format-standard","has-post-thumbnail","hentry","category-interes-general-locales","category-locales"],"aioseo_notices":[],"gutentor_comment":0,"jetpack_featured_media_url":"https:\/\/eldiariodesanpedro.com.ar\/sitio\/wp-content\/uploads\/2021\/07\/DONA_MARGARITA.jpg","jetpack_shortlink":"https:\/\/wp.me\/p6RhLt-p8l","jetpack_sharing_enabled":true,"_links":{"self":[{"href":"https:\/\/eldiariodesanpedro.com.ar\/sitio\/wp-json\/wp\/v2\/posts\/96617","targetHints":{"allow":["GET"]}}],"collection":[{"href":"https:\/\/eldiariodesanpedro.com.ar\/sitio\/wp-json\/wp\/v2\/posts"}],"about":[{"href":"https:\/\/eldiariodesanpedro.com.ar\/sitio\/wp-json\/wp\/v2\/types\/post"}],"author":[{"embeddable":true,"href":"https:\/\/eldiariodesanpedro.com.ar\/sitio\/wp-json\/wp\/v2\/users\/4"}],"replies":[{"embeddable":true,"href":"https:\/\/eldiariodesanpedro.com.ar\/sitio\/wp-json\/wp\/v2\/comments?post=96617"}],"version-history":[{"count":1,"href":"https:\/\/eldiariodesanpedro.com.ar\/sitio\/wp-json\/wp\/v2\/posts\/96617\/revisions"}],"predecessor-version":[{"id":96619,"href":"https:\/\/eldiariodesanpedro.com.ar\/sitio\/wp-json\/wp\/v2\/posts\/96617\/revisions\/96619"}],"wp:featuredmedia":[{"embeddable":true,"href":"https:\/\/eldiariodesanpedro.com.ar\/sitio\/wp-json\/wp\/v2\/media\/96618"}],"wp:attachment":[{"href":"https:\/\/eldiariodesanpedro.com.ar\/sitio\/wp-json\/wp\/v2\/media?parent=96617"}],"wp:term":[{"taxonomy":"category","embeddable":true,"href":"https:\/\/eldiariodesanpedro.com.ar\/sitio\/wp-json\/wp\/v2\/categories?post=96617"},{"taxonomy":"post_tag","embeddable":true,"href":"https:\/\/eldiariodesanpedro.com.ar\/sitio\/wp-json\/wp\/v2\/tags?post=96617"}],"curies":[{"name":"wp","href":"https:\/\/api.w.org\/{rel}","templated":true}]}}