{"id":96612,"date":"2021-07-30T19:19:54","date_gmt":"2021-07-30T22:19:54","guid":{"rendered":"https:\/\/eldiariodesanpedro.com.ar\/sitio\/?p=96612"},"modified":"2021-07-30T19:22:36","modified_gmt":"2021-07-30T22:22:36","slug":"un-reconocido-delicuente-robo-una-heladera-y-contrato-un-flete-para-llevarla-a-su-casa","status":"publish","type":"post","link":"https:\/\/eldiariodesanpedro.com.ar\/sitio\/un-reconocido-delicuente-robo-una-heladera-y-contrato-un-flete-para-llevarla-a-su-casa\/","title":{"rendered":"Un reconocido delicuente robo una heladera y contrato un flete para llevarla a su casa"},"content":{"rendered":"<!-- VideographyWP Plugin Message: Automatic video embedding prevented by plugin options. -->\n\n<p>En horas de la tarde del jueves el personal policial, tras un r\u00e1pido accionar en Av. 11 de Septiembre y Auli aprehende a delicuente de 26 a\u00f1os de edad, quien posee frondosos antecedentes, quien se encontraba fug\u00e1ndose en flete contratado, transportando heladera que sustrajo del interior de una vivienda ubicada en Av 3 de Febrero al 1900, en ausencia de moradores.\u00a0<\/p>\n\n\n\n<p>Horas m\u00e1s tarde se logr\u00f3 establecer propietario quien por cuestiones laborales no se encontraba en la vivienda. Interviene la fiscal\u00eda N\u00ba 05 de San Pedro.<\/p>\n","protected":false},"excerpt":{"rendered":"<p>En horas de la tarde del jueves el personal policial, tras un r\u00e1pido accionar en Av. 11 de Septiembre y Auli aprehende a delicuente de 26 a\u00f1os de edad, quien posee frondosos antecedentes, quien se encontraba fug\u00e1ndose en flete contratado, transportando heladera que sustrajo del interior de una vivienda ubicada en Av 3 de Febrero [&hellip;]<\/p>\n","protected":false},"author":4,"featured_media":96613,"comment_status":"closed","ping_status":"closed","sticky":false,"template":"","format":"standard","meta":{"om_disable_all_campaigns":false,"_jetpack_memberships_contains_paid_content":false,"footnotes":""},"categories":[2,103],"tags":[],"class_list":["post-96612","post","type-post","status-publish","format-standard","has-post-thumbnail","hentry","category-locales","category-policiales-locales"],"aioseo_notices":[],"gutentor_comment":0,"jetpack_featured_media_url":"https:\/\/eldiariodesanpedro.com.ar\/sitio\/wp-content\/uploads\/2021\/07\/Sin-titulo-4-1.jpg","jetpack_shortlink":"https:\/\/wp.me\/p6RhLt-p8g","jetpack_sharing_enabled":true,"_links":{"self":[{"href":"https:\/\/eldiariodesanpedro.com.ar\/sitio\/wp-json\/wp\/v2\/posts\/96612","targetHints":{"allow":["GET"]}}],"collection":[{"href":"https:\/\/eldiariodesanpedro.com.ar\/sitio\/wp-json\/wp\/v2\/posts"}],"about":[{"href":"https:\/\/eldiariodesanpedro.com.ar\/sitio\/wp-json\/wp\/v2\/types\/post"}],"author":[{"embeddable":true,"href":"https:\/\/eldiariodesanpedro.com.ar\/sitio\/wp-json\/wp\/v2\/users\/4"}],"replies":[{"embeddable":true,"href":"https:\/\/eldiariodesanpedro.com.ar\/sitio\/wp-json\/wp\/v2\/comments?post=96612"}],"version-history":[{"count":2,"href":"https:\/\/eldiariodesanpedro.com.ar\/sitio\/wp-json\/wp\/v2\/posts\/96612\/revisions"}],"predecessor-version":[{"id":96616,"href":"https:\/\/eldiariodesanpedro.com.ar\/sitio\/wp-json\/wp\/v2\/posts\/96612\/revisions\/96616"}],"wp:featuredmedia":[{"embeddable":true,"href":"https:\/\/eldiariodesanpedro.com.ar\/sitio\/wp-json\/wp\/v2\/media\/96613"}],"wp:attachment":[{"href":"https:\/\/eldiariodesanpedro.com.ar\/sitio\/wp-json\/wp\/v2\/media?parent=96612"}],"wp:term":[{"taxonomy":"category","embeddable":true,"href":"https:\/\/eldiariodesanpedro.com.ar\/sitio\/wp-json\/wp\/v2\/categories?post=96612"},{"taxonomy":"post_tag","embeddable":true,"href":"https:\/\/eldiariodesanpedro.com.ar\/sitio\/wp-json\/wp\/v2\/tags?post=96612"}],"curies":[{"name":"wp","href":"https:\/\/api.w.org\/{rel}","templated":true}]}}