{"id":96609,"date":"2021-07-30T19:11:36","date_gmt":"2021-07-30T22:11:36","guid":{"rendered":"https:\/\/eldiariodesanpedro.com.ar\/sitio\/?p=96609"},"modified":"2021-07-30T19:11:37","modified_gmt":"2021-07-30T22:11:37","slug":"se-secuestro-un-arma-de-fuego-por-un-conflicto-familiar","status":"publish","type":"post","link":"https:\/\/eldiariodesanpedro.com.ar\/sitio\/se-secuestro-un-arma-de-fuego-por-un-conflicto-familiar\/","title":{"rendered":"Se secuestro un arma de fuego por un conflicto familiar"},"content":{"rendered":"<!-- VideographyWP Plugin Message: Automatic video embedding prevented by plugin options. -->\n\n<p>En horas de la tarde personal policial&nbsp; secuestr\u00f3 un arma de fuego de pu\u00f1o tipo revolver y su cartucher\u00eda.&nbsp;<\/p>\n\n\n\n<p>El hecho se dio en el marco de una causa conflicto familiar iniciado en la Comisaria de la Mujer y la Familia.\u00a0<\/p>\n\n\n\n<p>La justicia hab\u00eda ordenado un allanamiento en un domicilio en calle La Laguna al 1000 en el marco del hecho denunciado.<\/p>\n","protected":false},"excerpt":{"rendered":"<p>En horas de la tarde personal policial&nbsp; secuestr\u00f3 un arma de fuego de pu\u00f1o tipo revolver y su cartucher\u00eda.&nbsp; El hecho se dio en el marco de una causa conflicto familiar iniciado en la Comisaria de la Mujer y la Familia.\u00a0 La justicia hab\u00eda ordenado un allanamiento en un domicilio en calle La Laguna al [&hellip;]<\/p>\n","protected":false},"author":4,"featured_media":96610,"comment_status":"closed","ping_status":"closed","sticky":false,"template":"","format":"standard","meta":{"om_disable_all_campaigns":false,"_jetpack_memberships_contains_paid_content":false,"footnotes":""},"categories":[2,103],"tags":[],"class_list":["post-96609","post","type-post","status-publish","format-standard","has-post-thumbnail","hentry","category-locales","category-policiales-locales"],"aioseo_notices":[],"gutentor_comment":0,"jetpack_featured_media_url":"https:\/\/eldiariodesanpedro.com.ar\/sitio\/wp-content\/uploads\/2021\/07\/WhatsApp-Image-2021-07-30-at-12.51.51.jpeg","jetpack_shortlink":"https:\/\/wp.me\/p6RhLt-p8d","jetpack_sharing_enabled":true,"_links":{"self":[{"href":"https:\/\/eldiariodesanpedro.com.ar\/sitio\/wp-json\/wp\/v2\/posts\/96609","targetHints":{"allow":["GET"]}}],"collection":[{"href":"https:\/\/eldiariodesanpedro.com.ar\/sitio\/wp-json\/wp\/v2\/posts"}],"about":[{"href":"https:\/\/eldiariodesanpedro.com.ar\/sitio\/wp-json\/wp\/v2\/types\/post"}],"author":[{"embeddable":true,"href":"https:\/\/eldiariodesanpedro.com.ar\/sitio\/wp-json\/wp\/v2\/users\/4"}],"replies":[{"embeddable":true,"href":"https:\/\/eldiariodesanpedro.com.ar\/sitio\/wp-json\/wp\/v2\/comments?post=96609"}],"version-history":[{"count":1,"href":"https:\/\/eldiariodesanpedro.com.ar\/sitio\/wp-json\/wp\/v2\/posts\/96609\/revisions"}],"predecessor-version":[{"id":96611,"href":"https:\/\/eldiariodesanpedro.com.ar\/sitio\/wp-json\/wp\/v2\/posts\/96609\/revisions\/96611"}],"wp:featuredmedia":[{"embeddable":true,"href":"https:\/\/eldiariodesanpedro.com.ar\/sitio\/wp-json\/wp\/v2\/media\/96610"}],"wp:attachment":[{"href":"https:\/\/eldiariodesanpedro.com.ar\/sitio\/wp-json\/wp\/v2\/media?parent=96609"}],"wp:term":[{"taxonomy":"category","embeddable":true,"href":"https:\/\/eldiariodesanpedro.com.ar\/sitio\/wp-json\/wp\/v2\/categories?post=96609"},{"taxonomy":"post_tag","embeddable":true,"href":"https:\/\/eldiariodesanpedro.com.ar\/sitio\/wp-json\/wp\/v2\/tags?post=96609"}],"curies":[{"name":"wp","href":"https:\/\/api.w.org\/{rel}","templated":true}]}}