{"id":96580,"date":"2021-07-30T09:55:31","date_gmt":"2021-07-30T12:55:31","guid":{"rendered":"https:\/\/eldiariodesanpedro.com.ar\/sitio\/?p=96580"},"modified":"2021-07-30T09:55:38","modified_gmt":"2021-07-30T12:55:38","slug":"acosta-esto-es-una-dictadura-encubierta","status":"publish","type":"post","link":"https:\/\/eldiariodesanpedro.com.ar\/sitio\/acosta-esto-es-una-dictadura-encubierta\/","title":{"rendered":"Acosta: \u00abEsto es una dictadura encubierta\u00bb"},"content":{"rendered":"<!-- VideographyWP Plugin Message: Automatic video embedding prevented by plugin options. -->\n\n<p>En la jornada de ayer se conoci\u00f3 que la Junta Electoral del Frente de Todos decidi\u00f3 no aceptar las listas de Juan Cruz Acosta, Titin Trelles y Pablo Guacone por lo que la lista encabezada por el Dr. Creaus es la \u00fanica que representar\u00e1 al oficialismo en las pr\u00f3ximas PASO y en las elecciones generales.<\/p>\n\n\n\n<p>Desde la lista que encabezaba Juan Cruz \u00abMono\u00bb Acosta hubo un reclamo ante la Junta Electoral ya que aseguran que presentaron tres veces m\u00e1s de los avales necesarios para que acepten las listas.<\/p>\n\n\n\n<p>\u00abPresentamos tres veces m\u00e1s los avales para que aprueben las listas, claramente esto son excusas para no dejarnos participar y de esta manera no nos dan la opci\u00f3n de pensar que esto es una dictadura encubierta\u00bb asegur\u00f3 el sindicalista.<\/p>\n\n\n\n<p>\u00abDe cualquier manera vamos a presentar m\u00e1s avales en el d\u00eda de hoy para que nos dejen jugar y si no nos dejan vamos a ir a la justicia electoral\u00bb determin\u00f3 quien encabeza la lista de los sindicatos de San Pedro.<\/p>\n","protected":false},"excerpt":{"rendered":"<p>En la jornada de ayer se conoci\u00f3 que la Junta Electoral del Frente de Todos decidi\u00f3 no aceptar las listas de Juan Cruz Acosta, Titin Trelles y Pablo Guacone por lo que la lista encabezada por el Dr. Creaus es la \u00fanica que representar\u00e1 al oficialismo en las pr\u00f3ximas PASO y en las elecciones generales. [&hellip;]<\/p>\n","protected":false},"author":4,"featured_media":96583,"comment_status":"closed","ping_status":"closed","sticky":false,"template":"","format":"standard","meta":{"om_disable_all_campaigns":false,"_jetpack_memberships_contains_paid_content":false,"footnotes":""},"categories":[50,2,102],"tags":[],"class_list":["post-96580","post","type-post","status-publish","format-standard","has-post-thumbnail","hentry","category-destacadas","category-locales","category-politica-locales"],"aioseo_notices":[],"gutentor_comment":0,"jetpack_featured_media_url":"https:\/\/eldiariodesanpedro.com.ar\/sitio\/wp-content\/uploads\/2021\/07\/juan-cruz-acosta-VR.jpg","jetpack_shortlink":"https:\/\/wp.me\/p6RhLt-p7K","jetpack_sharing_enabled":true,"_links":{"self":[{"href":"https:\/\/eldiariodesanpedro.com.ar\/sitio\/wp-json\/wp\/v2\/posts\/96580","targetHints":{"allow":["GET"]}}],"collection":[{"href":"https:\/\/eldiariodesanpedro.com.ar\/sitio\/wp-json\/wp\/v2\/posts"}],"about":[{"href":"https:\/\/eldiariodesanpedro.com.ar\/sitio\/wp-json\/wp\/v2\/types\/post"}],"author":[{"embeddable":true,"href":"https:\/\/eldiariodesanpedro.com.ar\/sitio\/wp-json\/wp\/v2\/users\/4"}],"replies":[{"embeddable":true,"href":"https:\/\/eldiariodesanpedro.com.ar\/sitio\/wp-json\/wp\/v2\/comments?post=96580"}],"version-history":[{"count":1,"href":"https:\/\/eldiariodesanpedro.com.ar\/sitio\/wp-json\/wp\/v2\/posts\/96580\/revisions"}],"predecessor-version":[{"id":96584,"href":"https:\/\/eldiariodesanpedro.com.ar\/sitio\/wp-json\/wp\/v2\/posts\/96580\/revisions\/96584"}],"wp:featuredmedia":[{"embeddable":true,"href":"https:\/\/eldiariodesanpedro.com.ar\/sitio\/wp-json\/wp\/v2\/media\/96583"}],"wp:attachment":[{"href":"https:\/\/eldiariodesanpedro.com.ar\/sitio\/wp-json\/wp\/v2\/media?parent=96580"}],"wp:term":[{"taxonomy":"category","embeddable":true,"href":"https:\/\/eldiariodesanpedro.com.ar\/sitio\/wp-json\/wp\/v2\/categories?post=96580"},{"taxonomy":"post_tag","embeddable":true,"href":"https:\/\/eldiariodesanpedro.com.ar\/sitio\/wp-json\/wp\/v2\/tags?post=96580"}],"curies":[{"name":"wp","href":"https:\/\/api.w.org\/{rel}","templated":true}]}}