{"id":96569,"date":"2021-07-29T19:41:09","date_gmt":"2021-07-29T22:41:09","guid":{"rendered":"https:\/\/eldiariodesanpedro.com.ar\/sitio\/?p=96569"},"modified":"2021-07-29T19:41:13","modified_gmt":"2021-07-29T22:41:13","slug":"recorrida-por-las-instalaciones-de-la-empresa-exportadora-la-cubana","status":"publish","type":"post","link":"https:\/\/eldiariodesanpedro.com.ar\/sitio\/recorrida-por-las-instalaciones-de-la-empresa-exportadora-la-cubana\/","title":{"rendered":"Recorrida por las instalaciones de la empresa exportadora La Cubana"},"content":{"rendered":"<!-- VideographyWP Plugin Message: Automatic video embedding prevented by plugin options. -->\n\n<p>El Secretario de Coordinaci\u00f3n Ram\u00f3n Salazar, junto al Delegado municipal de Gobernador Castro \u00c1ngel \u00c1lvarez y Hugo Ram\u00edrez de la Secretar\u00eda de Desarrollo Econ\u00f3mico fueron recibidos por uno de los Directores de la empresa La Cubana, Manouk Manoukian, y el Gerente Ariel Evangelista para recorrer las instalaciones de la firma agropecuaria instalada en el acceso a la localidad de Gobernador Castro desde el a\u00f1o 2002, en una finca donde son sembrados los arbustos de la variedad Highbush de ar\u00e1ndanos.<\/p>\n\n\n\n<p>Durante la visita, se conocieron los diferentes productos que comercializan adem\u00e1s del ar\u00e1ndano, ya que la empresa elabora productos congelados como acelga y br\u00f3coli que son procesados en un t\u00fanel de fr\u00edo de \u00faltima generaci\u00f3n y cuenta con dos plantas para el proceso de los productos en su presentaci\u00f3n fresco y congelado.<\/p>\n\n\n\n<p>Una empresa con visi\u00f3n de crecimiento que busca generar m\u00e1s cantidad de puestos de trabajo con su progresi\u00f3n y tambi\u00e9n generar crecimiento a los productores de la Zona.<\/p>\n\n\n\n<figure class=\"wp-block-image size-large\"><img decoding=\"async\" width=\"768\" height=\"1024\" data-attachment-id=\"96572\" data-permalink=\"https:\/\/eldiariodesanpedro.com.ar\/sitio\/recorrida-por-las-instalaciones-de-la-empresa-exportadora-la-cubana\/whatsapp-image-2021-07-29-at-18-58-33\/\" data-orig-file=\"https:\/\/eldiariodesanpedro.com.ar\/sitio\/wp-content\/uploads\/2021\/07\/WhatsApp-Image-2021-07-29-at-18.58.33.jpeg\" data-orig-size=\"1200,1600\" data-comments-opened=\"0\" data-image-meta=\"{&quot;aperture&quot;:&quot;0&quot;,&quot;credit&quot;:&quot;&quot;,&quot;camera&quot;:&quot;&quot;,&quot;caption&quot;:&quot;&quot;,&quot;created_timestamp&quot;:&quot;0&quot;,&quot;copyright&quot;:&quot;&quot;,&quot;focal_length&quot;:&quot;0&quot;,&quot;iso&quot;:&quot;0&quot;,&quot;shutter_speed&quot;:&quot;0&quot;,&quot;title&quot;:&quot;&quot;,&quot;orientation&quot;:&quot;0&quot;}\" data-image-title=\"WhatsApp Image 2021-07-29 at 18.58.33\" data-image-description=\"\" data-image-caption=\"\" data-large-file=\"https:\/\/eldiariodesanpedro.com.ar\/sitio\/wp-content\/uploads\/2021\/07\/WhatsApp-Image-2021-07-29-at-18.58.33-768x1024.jpeg\" data-src=\"https:\/\/eldiariodesanpedro.com.ar\/sitio\/wp-content\/uploads\/2021\/07\/WhatsApp-Image-2021-07-29-at-18.58.33-768x1024.jpeg\" alt=\"\" class=\"wp-image-96572 lazyload\" data-srcset=\"https:\/\/eldiariodesanpedro.com.ar\/sitio\/wp-content\/uploads\/2021\/07\/WhatsApp-Image-2021-07-29-at-18.58.33-768x1024.jpeg 768w, https:\/\/eldiariodesanpedro.com.ar\/sitio\/wp-content\/uploads\/2021\/07\/WhatsApp-Image-2021-07-29-at-18.58.33-225x300.jpeg 225w, https:\/\/eldiariodesanpedro.com.ar\/sitio\/wp-content\/uploads\/2021\/07\/WhatsApp-Image-2021-07-29-at-18.58.33-1152x1536.jpeg 1152w, https:\/\/eldiariodesanpedro.com.ar\/sitio\/wp-content\/uploads\/2021\/07\/WhatsApp-Image-2021-07-29-at-18.58.33.jpeg 1200w\" data-sizes=\"(max-width: 768px) 100vw, 768px\" src=\"data:image\/svg+xml;base64,PHN2ZyB3aWR0aD0iMSIgaGVpZ2h0PSIxIiB4bWxucz0iaHR0cDovL3d3dy53My5vcmcvMjAwMC9zdmciPjwvc3ZnPg==\" style=\"--smush-placeholder-width: 768px; --smush-placeholder-aspect-ratio: 768\/1024;\" \/><\/figure>\n\n\n\n<figure class=\"wp-block-image size-large\"><img decoding=\"async\" width=\"768\" height=\"1024\" data-attachment-id=\"96571\" data-permalink=\"https:\/\/eldiariodesanpedro.com.ar\/sitio\/recorrida-por-las-instalaciones-de-la-empresa-exportadora-la-cubana\/whatsapp-image-2021-07-29-at-18-58-33-1\/\" data-orig-file=\"https:\/\/eldiariodesanpedro.com.ar\/sitio\/wp-content\/uploads\/2021\/07\/WhatsApp-Image-2021-07-29-at-18.58.33-1.jpeg\" data-orig-size=\"1200,1600\" data-comments-opened=\"0\" data-image-meta=\"{&quot;aperture&quot;:&quot;0&quot;,&quot;credit&quot;:&quot;&quot;,&quot;camera&quot;:&quot;&quot;,&quot;caption&quot;:&quot;&quot;,&quot;created_timestamp&quot;:&quot;0&quot;,&quot;copyright&quot;:&quot;&quot;,&quot;focal_length&quot;:&quot;0&quot;,&quot;iso&quot;:&quot;0&quot;,&quot;shutter_speed&quot;:&quot;0&quot;,&quot;title&quot;:&quot;&quot;,&quot;orientation&quot;:&quot;0&quot;}\" data-image-title=\"WhatsApp Image 2021-07-29 at 18.58.33 (1)\" data-image-description=\"\" data-image-caption=\"\" data-large-file=\"https:\/\/eldiariodesanpedro.com.ar\/sitio\/wp-content\/uploads\/2021\/07\/WhatsApp-Image-2021-07-29-at-18.58.33-1-768x1024.jpeg\" data-src=\"https:\/\/eldiariodesanpedro.com.ar\/sitio\/wp-content\/uploads\/2021\/07\/WhatsApp-Image-2021-07-29-at-18.58.33-1-768x1024.jpeg\" alt=\"\" class=\"wp-image-96571 lazyload\" data-srcset=\"https:\/\/eldiariodesanpedro.com.ar\/sitio\/wp-content\/uploads\/2021\/07\/WhatsApp-Image-2021-07-29-at-18.58.33-1-768x1024.jpeg 768w, https:\/\/eldiariodesanpedro.com.ar\/sitio\/wp-content\/uploads\/2021\/07\/WhatsApp-Image-2021-07-29-at-18.58.33-1-225x300.jpeg 225w, https:\/\/eldiariodesanpedro.com.ar\/sitio\/wp-content\/uploads\/2021\/07\/WhatsApp-Image-2021-07-29-at-18.58.33-1-1152x1536.jpeg 1152w, https:\/\/eldiariodesanpedro.com.ar\/sitio\/wp-content\/uploads\/2021\/07\/WhatsApp-Image-2021-07-29-at-18.58.33-1.jpeg 1200w\" data-sizes=\"(max-width: 768px) 100vw, 768px\" src=\"data:image\/svg+xml;base64,PHN2ZyB3aWR0aD0iMSIgaGVpZ2h0PSIxIiB4bWxucz0iaHR0cDovL3d3dy53My5vcmcvMjAwMC9zdmciPjwvc3ZnPg==\" style=\"--smush-placeholder-width: 768px; --smush-placeholder-aspect-ratio: 768\/1024;\" \/><\/figure>\n","protected":false},"excerpt":{"rendered":"<p>El Secretario de Coordinaci\u00f3n Ram\u00f3n Salazar, junto al Delegado municipal de Gobernador Castro \u00c1ngel \u00c1lvarez y Hugo Ram\u00edrez de la Secretar\u00eda de Desarrollo Econ\u00f3mico fueron recibidos por uno de los Directores de la empresa La Cubana, Manouk Manoukian, y el Gerente Ariel Evangelista para recorrer las instalaciones de la firma agropecuaria instalada en el acceso [&hellip;]<\/p>\n","protected":false},"author":4,"featured_media":96570,"comment_status":"closed","ping_status":"closed","sticky":false,"template":"","format":"standard","meta":{"om_disable_all_campaigns":false,"_jetpack_memberships_contains_paid_content":false,"footnotes":""},"categories":[101,2],"tags":[],"class_list":["post-96569","post","type-post","status-publish","format-standard","has-post-thumbnail","hentry","category-interes-general-locales","category-locales"],"aioseo_notices":[],"gutentor_comment":0,"jetpack_featured_media_url":"https:\/\/eldiariodesanpedro.com.ar\/sitio\/wp-content\/uploads\/2021\/07\/WhatsApp-Image-2021-07-29-at-18.58.32.jpeg","jetpack_shortlink":"https:\/\/wp.me\/p6RhLt-p7z","jetpack_sharing_enabled":true,"_links":{"self":[{"href":"https:\/\/eldiariodesanpedro.com.ar\/sitio\/wp-json\/wp\/v2\/posts\/96569","targetHints":{"allow":["GET"]}}],"collection":[{"href":"https:\/\/eldiariodesanpedro.com.ar\/sitio\/wp-json\/wp\/v2\/posts"}],"about":[{"href":"https:\/\/eldiariodesanpedro.com.ar\/sitio\/wp-json\/wp\/v2\/types\/post"}],"author":[{"embeddable":true,"href":"https:\/\/eldiariodesanpedro.com.ar\/sitio\/wp-json\/wp\/v2\/users\/4"}],"replies":[{"embeddable":true,"href":"https:\/\/eldiariodesanpedro.com.ar\/sitio\/wp-json\/wp\/v2\/comments?post=96569"}],"version-history":[{"count":1,"href":"https:\/\/eldiariodesanpedro.com.ar\/sitio\/wp-json\/wp\/v2\/posts\/96569\/revisions"}],"predecessor-version":[{"id":96574,"href":"https:\/\/eldiariodesanpedro.com.ar\/sitio\/wp-json\/wp\/v2\/posts\/96569\/revisions\/96574"}],"wp:featuredmedia":[{"embeddable":true,"href":"https:\/\/eldiariodesanpedro.com.ar\/sitio\/wp-json\/wp\/v2\/media\/96570"}],"wp:attachment":[{"href":"https:\/\/eldiariodesanpedro.com.ar\/sitio\/wp-json\/wp\/v2\/media?parent=96569"}],"wp:term":[{"taxonomy":"category","embeddable":true,"href":"https:\/\/eldiariodesanpedro.com.ar\/sitio\/wp-json\/wp\/v2\/categories?post=96569"},{"taxonomy":"post_tag","embeddable":true,"href":"https:\/\/eldiariodesanpedro.com.ar\/sitio\/wp-json\/wp\/v2\/tags?post=96569"}],"curies":[{"name":"wp","href":"https:\/\/api.w.org\/{rel}","templated":true}]}}