{"id":96565,"date":"2021-07-29T19:13:01","date_gmt":"2021-07-29T22:13:01","guid":{"rendered":"https:\/\/eldiariodesanpedro.com.ar\/sitio\/?p=96565"},"modified":"2021-07-29T19:13:06","modified_gmt":"2021-07-29T22:13:06","slug":"se-abre-la-licitacion-para-el-mejorado-del-camino-en-ruta-1001-entre-castro-y-ramallo","status":"publish","type":"post","link":"https:\/\/eldiariodesanpedro.com.ar\/sitio\/se-abre-la-licitacion-para-el-mejorado-del-camino-en-ruta-1001-entre-castro-y-ramallo\/","title":{"rendered":"Se abre la licitaci\u00f3n para el mejorado del camino en ruta 1001 entre Castro y Ramallo"},"content":{"rendered":"<!-- VideographyWP Plugin Message: Automatic video embedding prevented by plugin options. -->\n\n<p>La Municipalidad de San Pedro informa que el Ministerio de Infraestructura y Servicios P\u00fablicos oficializ\u00f3 la apertura, para el 9 de septiembre del corriente a\u00f1o, del llamado a licitaci\u00f3n p\u00fablica para desarrollar la obra de estabilizaci\u00f3n de camino que alcanzar\u00e1 un tramo de 20 kil\u00f3metros, que comprender\u00e1n el camino 099-01 (conocida como Ruta 1001) y camino 099-02, hasta llegar al l\u00edmite del partido con Ramallo.<\/p>\n\n\n\n<p>Esta importante obra en el interior del partido de San Pedro que favorecer\u00e1 a los vecinos de todas las zonas aleda\u00f1as y de Gobernador Castro se suma a las que est\u00e1n en ejecuci\u00f3n con el apoyo del Gobierno Nacional y el Gobierno Provincial y tendr\u00e1 un presupuesto oficial de $113 millones de pesos.<\/p>\n\n\n\n<p>La noticia fue confirmada esta ma\u00f1ana al jefe Comunal tras la publicaci\u00f3n de la licitaci\u00f3n y constituye una enorme satisfacci\u00f3n despu\u00e9s de las gestiones realizadas desde la Secretar\u00eda de Obras P\u00fablicas y desde el Gobierno que conduce el intendente Cecilio Salazar, para que la recuperaci\u00f3n de las obras de infraestructura en el partido de San Pedro no se detenga y permitan mejoras en la infraestructura y al mismo tiempo la generaci\u00f3n de manera directa e indirecta de fuentes de trabajo.<\/p>\n\n\n\n<figure class=\"wp-block-image size-large\"><img decoding=\"async\" width=\"1024\" height=\"724\" data-attachment-id=\"96566\" data-permalink=\"https:\/\/eldiariodesanpedro.com.ar\/sitio\/se-abre-la-licitacion-para-el-mejorado-del-camino-en-ruta-1001-entre-castro-y-ramallo\/whatsapp-image-2021-07-29-at-18-47-39\/\" data-orig-file=\"https:\/\/eldiariodesanpedro.com.ar\/sitio\/wp-content\/uploads\/2021\/07\/WhatsApp-Image-2021-07-29-at-18.47.39.jpeg\" data-orig-size=\"1600,1131\" data-comments-opened=\"0\" data-image-meta=\"{&quot;aperture&quot;:&quot;0&quot;,&quot;credit&quot;:&quot;&quot;,&quot;camera&quot;:&quot;&quot;,&quot;caption&quot;:&quot;&quot;,&quot;created_timestamp&quot;:&quot;0&quot;,&quot;copyright&quot;:&quot;&quot;,&quot;focal_length&quot;:&quot;0&quot;,&quot;iso&quot;:&quot;0&quot;,&quot;shutter_speed&quot;:&quot;0&quot;,&quot;title&quot;:&quot;&quot;,&quot;orientation&quot;:&quot;0&quot;}\" data-image-title=\"WhatsApp Image 2021-07-29 at 18.47.39\" data-image-description=\"\" data-image-caption=\"\" data-large-file=\"https:\/\/eldiariodesanpedro.com.ar\/sitio\/wp-content\/uploads\/2021\/07\/WhatsApp-Image-2021-07-29-at-18.47.39-1024x724.jpeg\" data-src=\"https:\/\/eldiariodesanpedro.com.ar\/sitio\/wp-content\/uploads\/2021\/07\/WhatsApp-Image-2021-07-29-at-18.47.39-1024x724.jpeg\" alt=\"\" class=\"wp-image-96566 lazyload\" data-srcset=\"https:\/\/eldiariodesanpedro.com.ar\/sitio\/wp-content\/uploads\/2021\/07\/WhatsApp-Image-2021-07-29-at-18.47.39-1024x724.jpeg 1024w, https:\/\/eldiariodesanpedro.com.ar\/sitio\/wp-content\/uploads\/2021\/07\/WhatsApp-Image-2021-07-29-at-18.47.39-300x212.jpeg 300w, https:\/\/eldiariodesanpedro.com.ar\/sitio\/wp-content\/uploads\/2021\/07\/WhatsApp-Image-2021-07-29-at-18.47.39-768x543.jpeg 768w, https:\/\/eldiariodesanpedro.com.ar\/sitio\/wp-content\/uploads\/2021\/07\/WhatsApp-Image-2021-07-29-at-18.47.39-1536x1086.jpeg 1536w, https:\/\/eldiariodesanpedro.com.ar\/sitio\/wp-content\/uploads\/2021\/07\/WhatsApp-Image-2021-07-29-at-18.47.39.jpeg 1600w\" data-sizes=\"(max-width: 1024px) 100vw, 1024px\" src=\"data:image\/svg+xml;base64,PHN2ZyB3aWR0aD0iMSIgaGVpZ2h0PSIxIiB4bWxucz0iaHR0cDovL3d3dy53My5vcmcvMjAwMC9zdmciPjwvc3ZnPg==\" style=\"--smush-placeholder-width: 1024px; --smush-placeholder-aspect-ratio: 1024\/724;\" \/><\/figure>\n","protected":false},"excerpt":{"rendered":"<p>La Municipalidad de San Pedro informa que el Ministerio de Infraestructura y Servicios P\u00fablicos oficializ\u00f3 la apertura, para el 9 de septiembre del corriente a\u00f1o, del llamado a licitaci\u00f3n p\u00fablica para desarrollar la obra de estabilizaci\u00f3n de camino que alcanzar\u00e1 un tramo de 20 kil\u00f3metros, que comprender\u00e1n el camino 099-01 (conocida como Ruta 1001) y [&hellip;]<\/p>\n","protected":false},"author":4,"featured_media":96567,"comment_status":"closed","ping_status":"closed","sticky":false,"template":"","format":"standard","meta":{"om_disable_all_campaigns":false,"_jetpack_memberships_contains_paid_content":false,"footnotes":""},"categories":[50,101,2],"tags":[],"class_list":["post-96565","post","type-post","status-publish","format-standard","has-post-thumbnail","hentry","category-destacadas","category-interes-general-locales","category-locales"],"aioseo_notices":[],"gutentor_comment":0,"jetpack_featured_media_url":"https:\/\/eldiariodesanpedro.com.ar\/sitio\/wp-content\/uploads\/2021\/07\/IMG00335-20110413-0830.jpg","jetpack_shortlink":"https:\/\/wp.me\/p6RhLt-p7v","jetpack_sharing_enabled":true,"_links":{"self":[{"href":"https:\/\/eldiariodesanpedro.com.ar\/sitio\/wp-json\/wp\/v2\/posts\/96565","targetHints":{"allow":["GET"]}}],"collection":[{"href":"https:\/\/eldiariodesanpedro.com.ar\/sitio\/wp-json\/wp\/v2\/posts"}],"about":[{"href":"https:\/\/eldiariodesanpedro.com.ar\/sitio\/wp-json\/wp\/v2\/types\/post"}],"author":[{"embeddable":true,"href":"https:\/\/eldiariodesanpedro.com.ar\/sitio\/wp-json\/wp\/v2\/users\/4"}],"replies":[{"embeddable":true,"href":"https:\/\/eldiariodesanpedro.com.ar\/sitio\/wp-json\/wp\/v2\/comments?post=96565"}],"version-history":[{"count":1,"href":"https:\/\/eldiariodesanpedro.com.ar\/sitio\/wp-json\/wp\/v2\/posts\/96565\/revisions"}],"predecessor-version":[{"id":96568,"href":"https:\/\/eldiariodesanpedro.com.ar\/sitio\/wp-json\/wp\/v2\/posts\/96565\/revisions\/96568"}],"wp:featuredmedia":[{"embeddable":true,"href":"https:\/\/eldiariodesanpedro.com.ar\/sitio\/wp-json\/wp\/v2\/media\/96567"}],"wp:attachment":[{"href":"https:\/\/eldiariodesanpedro.com.ar\/sitio\/wp-json\/wp\/v2\/media?parent=96565"}],"wp:term":[{"taxonomy":"category","embeddable":true,"href":"https:\/\/eldiariodesanpedro.com.ar\/sitio\/wp-json\/wp\/v2\/categories?post=96565"},{"taxonomy":"post_tag","embeddable":true,"href":"https:\/\/eldiariodesanpedro.com.ar\/sitio\/wp-json\/wp\/v2\/tags?post=96565"}],"curies":[{"name":"wp","href":"https:\/\/api.w.org\/{rel}","templated":true}]}}