{"id":96554,"date":"2021-07-29T12:39:46","date_gmt":"2021-07-29T15:39:46","guid":{"rendered":"https:\/\/eldiariodesanpedro.com.ar\/sitio\/?p=96554"},"modified":"2021-07-29T12:41:42","modified_gmt":"2021-07-29T15:41:42","slug":"rompio-la-puerta-a-patadas-y-entro-a-la-casa-para-agredir-a-su-ex-pareja","status":"publish","type":"post","link":"https:\/\/eldiariodesanpedro.com.ar\/sitio\/rompio-la-puerta-a-patadas-y-entro-a-la-casa-para-agredir-a-su-ex-pareja\/","title":{"rendered":"Rompi\u00f3 la puerta a patadas y entr\u00f3 a la casa para agredir a su ex pareja"},"content":{"rendered":"<!-- VideographyWP Plugin Message: Automatic video embedding prevented by plugin options. -->\n\n<p>Este mi\u00e9rcoles alrededor de las 18 hs nuevamente ocurri\u00f3 un hecho de violencia de g\u00e9nero donde una mujer se ve afectada por el ataque de su ex pareja.<\/p>\n\n\n\n<p>En esta oportunidad el hecho tuvo lugar en una vivienda ubicada en calle Cucit al 1400&nbsp; donde tras una denuncia a trav\u00e9s de un llamado al 911 un m\u00f3vil policial se hace presente y aprehende a un ciudadano de 37 a\u00f1os que se encontraba en actitud violenta que se encontraba en el interior de la casa propiedad de su ex pareja una mujer de 43 a\u00f1os.<\/p>\n\n\n\n<p>El violento hab\u00eda ingresado al domicilio tras violentar la puerta de acceso e intentar agredir f\u00edsicamente a la v\u00edctima.<\/p>\n\n\n\n<p>La ciudadana fue trasladada a la Comisar\u00eda de la Mujer y la Familia donde radic\u00f3 la correspondiente denuncia, adem\u00e1s de ser asistida psicol\u00f3gicamente.&nbsp;<\/p>\n\n\n\n<p>Por su parte el masculino fue trasladado a la comisar\u00eda local donde permanecer\u00e1 alojado hasta que lo requiera la fiscal de turno.<\/p>\n\n\n\n<figure class=\"wp-block-image size-large\"><img decoding=\"async\" width=\"1068\" height=\"1280\" data-attachment-id=\"96559\" data-permalink=\"https:\/\/eldiariodesanpedro.com.ar\/sitio\/rompio-la-puerta-a-patadas-y-entro-a-la-casa-para-agredir-a-su-ex-pareja\/whatsapp-image-2021-07-29-at-11-03-47\/\" data-orig-file=\"https:\/\/eldiariodesanpedro.com.ar\/sitio\/wp-content\/uploads\/2021\/07\/WhatsApp-Image-2021-07-29-at-11.03.47.jpeg\" data-orig-size=\"1068,1280\" data-comments-opened=\"0\" data-image-meta=\"{&quot;aperture&quot;:&quot;0&quot;,&quot;credit&quot;:&quot;&quot;,&quot;camera&quot;:&quot;&quot;,&quot;caption&quot;:&quot;&quot;,&quot;created_timestamp&quot;:&quot;0&quot;,&quot;copyright&quot;:&quot;&quot;,&quot;focal_length&quot;:&quot;0&quot;,&quot;iso&quot;:&quot;0&quot;,&quot;shutter_speed&quot;:&quot;0&quot;,&quot;title&quot;:&quot;&quot;,&quot;orientation&quot;:&quot;0&quot;}\" data-image-title=\"WhatsApp Image 2021-07-29 at 11.03.47\" data-image-description=\"\" data-image-caption=\"\" data-large-file=\"https:\/\/eldiariodesanpedro.com.ar\/sitio\/wp-content\/uploads\/2021\/07\/WhatsApp-Image-2021-07-29-at-11.03.47-854x1024.jpeg\" data-src=\"https:\/\/eldiariodesanpedro.com.ar\/sitio\/wp-content\/uploads\/2021\/07\/WhatsApp-Image-2021-07-29-at-11.03.47.jpeg\" alt=\"\" class=\"wp-image-96559 lazyload\" data-srcset=\"https:\/\/eldiariodesanpedro.com.ar\/sitio\/wp-content\/uploads\/2021\/07\/WhatsApp-Image-2021-07-29-at-11.03.47.jpeg 1068w, https:\/\/eldiariodesanpedro.com.ar\/sitio\/wp-content\/uploads\/2021\/07\/WhatsApp-Image-2021-07-29-at-11.03.47-250x300.jpeg 250w, https:\/\/eldiariodesanpedro.com.ar\/sitio\/wp-content\/uploads\/2021\/07\/WhatsApp-Image-2021-07-29-at-11.03.47-854x1024.jpeg 854w, https:\/\/eldiariodesanpedro.com.ar\/sitio\/wp-content\/uploads\/2021\/07\/WhatsApp-Image-2021-07-29-at-11.03.47-768x920.jpeg 768w\" data-sizes=\"(max-width: 1068px) 100vw, 1068px\" src=\"data:image\/svg+xml;base64,PHN2ZyB3aWR0aD0iMSIgaGVpZ2h0PSIxIiB4bWxucz0iaHR0cDovL3d3dy53My5vcmcvMjAwMC9zdmciPjwvc3ZnPg==\" style=\"--smush-placeholder-width: 1068px; --smush-placeholder-aspect-ratio: 1068\/1280;\" \/><\/figure>\n","protected":false},"excerpt":{"rendered":"<p>Este mi\u00e9rcoles alrededor de las 18 hs nuevamente ocurri\u00f3 un hecho de violencia de g\u00e9nero donde una mujer se ve afectada por el ataque de su ex pareja. En esta oportunidad el hecho tuvo lugar en una vivienda ubicada en calle Cucit al 1400&nbsp; donde tras una denuncia a trav\u00e9s de un llamado al 911 [&hellip;]<\/p>\n","protected":false},"author":4,"featured_media":96556,"comment_status":"closed","ping_status":"closed","sticky":false,"template":"","format":"standard","meta":{"om_disable_all_campaigns":false,"_jetpack_memberships_contains_paid_content":false,"footnotes":""},"categories":[2,103],"tags":[],"class_list":["post-96554","post","type-post","status-publish","format-standard","has-post-thumbnail","hentry","category-locales","category-policiales-locales"],"aioseo_notices":[],"gutentor_comment":0,"jetpack_featured_media_url":"https:\/\/eldiariodesanpedro.com.ar\/sitio\/wp-content\/uploads\/2021\/07\/Sin-titulo-3-2.jpg","jetpack_shortlink":"https:\/\/wp.me\/p6RhLt-p7k","jetpack_sharing_enabled":true,"_links":{"self":[{"href":"https:\/\/eldiariodesanpedro.com.ar\/sitio\/wp-json\/wp\/v2\/posts\/96554","targetHints":{"allow":["GET"]}}],"collection":[{"href":"https:\/\/eldiariodesanpedro.com.ar\/sitio\/wp-json\/wp\/v2\/posts"}],"about":[{"href":"https:\/\/eldiariodesanpedro.com.ar\/sitio\/wp-json\/wp\/v2\/types\/post"}],"author":[{"embeddable":true,"href":"https:\/\/eldiariodesanpedro.com.ar\/sitio\/wp-json\/wp\/v2\/users\/4"}],"replies":[{"embeddable":true,"href":"https:\/\/eldiariodesanpedro.com.ar\/sitio\/wp-json\/wp\/v2\/comments?post=96554"}],"version-history":[{"count":2,"href":"https:\/\/eldiariodesanpedro.com.ar\/sitio\/wp-json\/wp\/v2\/posts\/96554\/revisions"}],"predecessor-version":[{"id":96560,"href":"https:\/\/eldiariodesanpedro.com.ar\/sitio\/wp-json\/wp\/v2\/posts\/96554\/revisions\/96560"}],"wp:featuredmedia":[{"embeddable":true,"href":"https:\/\/eldiariodesanpedro.com.ar\/sitio\/wp-json\/wp\/v2\/media\/96556"}],"wp:attachment":[{"href":"https:\/\/eldiariodesanpedro.com.ar\/sitio\/wp-json\/wp\/v2\/media?parent=96554"}],"wp:term":[{"taxonomy":"category","embeddable":true,"href":"https:\/\/eldiariodesanpedro.com.ar\/sitio\/wp-json\/wp\/v2\/categories?post=96554"},{"taxonomy":"post_tag","embeddable":true,"href":"https:\/\/eldiariodesanpedro.com.ar\/sitio\/wp-json\/wp\/v2\/tags?post=96554"}],"curies":[{"name":"wp","href":"https:\/\/api.w.org\/{rel}","templated":true}]}}