{"id":96547,"date":"2021-07-29T12:08:31","date_gmt":"2021-07-29T15:08:31","guid":{"rendered":"https:\/\/eldiariodesanpedro.com.ar\/sitio\/?p=96547"},"modified":"2021-07-29T12:08:53","modified_gmt":"2021-07-29T15:08:53","slug":"se-recupero-la-motocicleta-que-fue-robada-en-calle-nuestra-senora-del-socorro","status":"publish","type":"post","link":"https:\/\/eldiariodesanpedro.com.ar\/sitio\/se-recupero-la-motocicleta-que-fue-robada-en-calle-nuestra-senora-del-socorro\/","title":{"rendered":"Se recuper\u00f3 la motocicleta que fue robada en calle Nuestra Se\u00f1ora del Socorro"},"content":{"rendered":"<!-- VideographyWP Plugin Message: Automatic video embedding prevented by plugin options. -->\n\n<p>El d\u00eda de ayer el Diario de San Pedro public\u00f3 el <a href=\"https:\/\/eldiariodesanpedro.com.ar\/sitio\/camara-de-seguridad-registra-el-momento-del-robo-de-una-motocicleta\/\">video de una c\u00e1mara de seguridad de\u00a0 c\u00f3mo un delincuente se llevaba de tiro una motocicleta que hab\u00eda robado minutos antes.<\/a><\/p>\n\n\n\n<p>Este miercoles por la tarde la policia de nuestra ciudad realizaba un allanamiento en una vivienda ubicada en calle Pedro Cabrera al 2000 y a escasos metros los efectivos procedieron al secuestro de una motocicleta abandonada que fuera sustra\u00edda d\u00edas atr\u00e1s en calle Nuestra Se\u00f1ora de Socorro y Ruiz Moreno, y denunciada el d\u00eda martes pasado en sede policial, la moto recuperada se encuentra a la espera de ser restituida a damnificado.\u00a0<\/p>\n\n\n\n<figure class=\"wp-block-image size-large\"><img decoding=\"async\" width=\"1024\" height=\"576\" data-attachment-id=\"96491\" data-permalink=\"https:\/\/eldiariodesanpedro.com.ar\/sitio\/camara-de-seguridad-registra-el-momento-del-robo-de-una-motocicleta\/2021-07-28-1\/\" data-orig-file=\"https:\/\/eldiariodesanpedro.com.ar\/sitio\/wp-content\/uploads\/2021\/07\/2021-07-28-1.png\" data-orig-size=\"1600,900\" data-comments-opened=\"0\" data-image-meta=\"{&quot;aperture&quot;:&quot;0&quot;,&quot;credit&quot;:&quot;&quot;,&quot;camera&quot;:&quot;&quot;,&quot;caption&quot;:&quot;&quot;,&quot;created_timestamp&quot;:&quot;0&quot;,&quot;copyright&quot;:&quot;&quot;,&quot;focal_length&quot;:&quot;0&quot;,&quot;iso&quot;:&quot;0&quot;,&quot;shutter_speed&quot;:&quot;0&quot;,&quot;title&quot;:&quot;&quot;,&quot;orientation&quot;:&quot;0&quot;}\" data-image-title=\"2021-07-28 (1)\" data-image-description=\"\" data-image-caption=\"\" data-large-file=\"https:\/\/eldiariodesanpedro.com.ar\/sitio\/wp-content\/uploads\/2021\/07\/2021-07-28-1-1024x576.png\" data-src=\"https:\/\/eldiariodesanpedro.com.ar\/sitio\/wp-content\/uploads\/2021\/07\/2021-07-28-1-1024x576.png\" alt=\"\" class=\"wp-image-96491 lazyload\" data-srcset=\"https:\/\/eldiariodesanpedro.com.ar\/sitio\/wp-content\/uploads\/2021\/07\/2021-07-28-1-1024x576.png 1024w, https:\/\/eldiariodesanpedro.com.ar\/sitio\/wp-content\/uploads\/2021\/07\/2021-07-28-1-300x169.png 300w, https:\/\/eldiariodesanpedro.com.ar\/sitio\/wp-content\/uploads\/2021\/07\/2021-07-28-1-768x432.png 768w, https:\/\/eldiariodesanpedro.com.ar\/sitio\/wp-content\/uploads\/2021\/07\/2021-07-28-1-1536x864.png 1536w, https:\/\/eldiariodesanpedro.com.ar\/sitio\/wp-content\/uploads\/2021\/07\/2021-07-28-1-800x450.png 800w, https:\/\/eldiariodesanpedro.com.ar\/sitio\/wp-content\/uploads\/2021\/07\/2021-07-28-1.png 1600w\" data-sizes=\"(max-width: 1024px) 100vw, 1024px\" src=\"data:image\/svg+xml;base64,PHN2ZyB3aWR0aD0iMSIgaGVpZ2h0PSIxIiB4bWxucz0iaHR0cDovL3d3dy53My5vcmcvMjAwMC9zdmciPjwvc3ZnPg==\" style=\"--smush-placeholder-width: 1024px; --smush-placeholder-aspect-ratio: 1024\/576;\" \/><\/figure>\n","protected":false},"excerpt":{"rendered":"<p>El d\u00eda de ayer el Diario de San Pedro public\u00f3 el video de una c\u00e1mara de seguridad de\u00a0 c\u00f3mo un delincuente se llevaba de tiro una motocicleta que hab\u00eda robado minutos antes. Este miercoles por la tarde la policia de nuestra ciudad realizaba un allanamiento en una vivienda ubicada en calle Pedro Cabrera al 2000 [&hellip;]<\/p>\n","protected":false},"author":4,"featured_media":96548,"comment_status":"closed","ping_status":"closed","sticky":false,"template":"","format":"standard","meta":{"om_disable_all_campaigns":false,"_jetpack_memberships_contains_paid_content":false,"footnotes":""},"categories":[2,103],"tags":[],"class_list":["post-96547","post","type-post","status-publish","format-standard","has-post-thumbnail","hentry","category-locales","category-policiales-locales"],"aioseo_notices":[],"gutentor_comment":0,"jetpack_featured_media_url":"https:\/\/eldiariodesanpedro.com.ar\/sitio\/wp-content\/uploads\/2021\/07\/Sin-titulo-2-4.jpg","jetpack_shortlink":"https:\/\/wp.me\/p6RhLt-p7d","jetpack_sharing_enabled":true,"_links":{"self":[{"href":"https:\/\/eldiariodesanpedro.com.ar\/sitio\/wp-json\/wp\/v2\/posts\/96547","targetHints":{"allow":["GET"]}}],"collection":[{"href":"https:\/\/eldiariodesanpedro.com.ar\/sitio\/wp-json\/wp\/v2\/posts"}],"about":[{"href":"https:\/\/eldiariodesanpedro.com.ar\/sitio\/wp-json\/wp\/v2\/types\/post"}],"author":[{"embeddable":true,"href":"https:\/\/eldiariodesanpedro.com.ar\/sitio\/wp-json\/wp\/v2\/users\/4"}],"replies":[{"embeddable":true,"href":"https:\/\/eldiariodesanpedro.com.ar\/sitio\/wp-json\/wp\/v2\/comments?post=96547"}],"version-history":[{"count":2,"href":"https:\/\/eldiariodesanpedro.com.ar\/sitio\/wp-json\/wp\/v2\/posts\/96547\/revisions"}],"predecessor-version":[{"id":96550,"href":"https:\/\/eldiariodesanpedro.com.ar\/sitio\/wp-json\/wp\/v2\/posts\/96547\/revisions\/96550"}],"wp:featuredmedia":[{"embeddable":true,"href":"https:\/\/eldiariodesanpedro.com.ar\/sitio\/wp-json\/wp\/v2\/media\/96548"}],"wp:attachment":[{"href":"https:\/\/eldiariodesanpedro.com.ar\/sitio\/wp-json\/wp\/v2\/media?parent=96547"}],"wp:term":[{"taxonomy":"category","embeddable":true,"href":"https:\/\/eldiariodesanpedro.com.ar\/sitio\/wp-json\/wp\/v2\/categories?post=96547"},{"taxonomy":"post_tag","embeddable":true,"href":"https:\/\/eldiariodesanpedro.com.ar\/sitio\/wp-json\/wp\/v2\/tags?post=96547"}],"curies":[{"name":"wp","href":"https:\/\/api.w.org\/{rel}","templated":true}]}}