{"id":96543,"date":"2021-07-29T11:34:49","date_gmt":"2021-07-29T14:34:49","guid":{"rendered":"https:\/\/eldiariodesanpedro.com.ar\/sitio\/?p=96543"},"modified":"2021-07-29T11:34:54","modified_gmt":"2021-07-29T14:34:54","slug":"allanamientos-positivos-por-hechos-de-arrebato-ocurridos-en-la-via-publica-dias-atras","status":"publish","type":"post","link":"https:\/\/eldiariodesanpedro.com.ar\/sitio\/allanamientos-positivos-por-hechos-de-arrebato-ocurridos-en-la-via-publica-dias-atras\/","title":{"rendered":"Allanamientos positivos por hechos de arrebato ocurridos en la v\u00eda p\u00fablica d\u00edas atr\u00e1s"},"content":{"rendered":"<!-- VideographyWP Plugin Message: Automatic video embedding prevented by plugin options. -->\n\n<p>En la tarde de ayer el personal de la comisar\u00eda local como resultancias de averiguaciones practicadas en el marco de hecho arrebato, acaecido el pasado lunes en perjuicio de una mujer que sufri\u00f3 arrebato en Boulevard Moreno y Manuel Iglesias, diligenciar varias \u00f3rdenes de allanamiento extendidas por la justicia ordinaria en domicilios ubicados en calle Hermano Indio y General Pueyrred\u00f3n, y en calle Pedro Cabrera al 2000 donde se secuestraron elementos de inter\u00e9s en el marco de la causa que se investiga, puesto a disposici\u00f3n de la justicia para futuro reconocimiento.<\/p>\n\n\n\n<p>En el mismo lugar se secuestraron elementos sustra\u00eddos en otro hecho de arrebato ocurrido en la noche del martes en calle 9 de Julio y Rivadavia en perjuicio de una joven a quien dos delincuentes le sustrajeron su tel\u00e9fono celular y pertenencias en la misma modalidad de arrebato.<\/p>\n\n\n\n<p>Tras tareas policiales esa misma noche del martes se recuper\u00f3 un tel\u00e9fono celular de alta gama y se continuaba la investigaci\u00f3n.\u00a0<\/p>\n\n\n\n<p>Ambos hechos se encuentran relacionados\u00a0 y resultan los mismos autores de ambos robos, por lo que se investiga su posible participaci\u00f3n en hechos de igual modalidad ocurridos en los \u00faltimos d\u00edas.<\/p>\n\n\n\n<p>De los allanamientos se traslad\u00f3 a uno de los imputados, que fue identificado e imputado del delito de robo.<\/p>\n","protected":false},"excerpt":{"rendered":"<p>En la tarde de ayer el personal de la comisar\u00eda local como resultancias de averiguaciones practicadas en el marco de hecho arrebato, acaecido el pasado lunes en perjuicio de una mujer que sufri\u00f3 arrebato en Boulevard Moreno y Manuel Iglesias, diligenciar varias \u00f3rdenes de allanamiento extendidas por la justicia ordinaria en domicilios ubicados en calle [&hellip;]<\/p>\n","protected":false},"author":4,"featured_media":25826,"comment_status":"closed","ping_status":"closed","sticky":false,"template":"","format":"standard","meta":{"om_disable_all_campaigns":false,"_jetpack_memberships_contains_paid_content":false,"footnotes":""},"categories":[50,2,103],"tags":[],"class_list":["post-96543","post","type-post","status-publish","format-standard","has-post-thumbnail","hentry","category-destacadas","category-locales","category-policiales-locales"],"aioseo_notices":[],"gutentor_comment":0,"jetpack_featured_media_url":"https:\/\/eldiariodesanpedro.com.ar\/sitio\/wp-content\/uploads\/2017\/11\/Se-realiz\u00f3-un-allanamiento-donde-se-encontraron-armas-utilizadas-para-il\u00edcitos.jpg","jetpack_shortlink":"https:\/\/wp.me\/p6RhLt-p79","jetpack_sharing_enabled":true,"_links":{"self":[{"href":"https:\/\/eldiariodesanpedro.com.ar\/sitio\/wp-json\/wp\/v2\/posts\/96543","targetHints":{"allow":["GET"]}}],"collection":[{"href":"https:\/\/eldiariodesanpedro.com.ar\/sitio\/wp-json\/wp\/v2\/posts"}],"about":[{"href":"https:\/\/eldiariodesanpedro.com.ar\/sitio\/wp-json\/wp\/v2\/types\/post"}],"author":[{"embeddable":true,"href":"https:\/\/eldiariodesanpedro.com.ar\/sitio\/wp-json\/wp\/v2\/users\/4"}],"replies":[{"embeddable":true,"href":"https:\/\/eldiariodesanpedro.com.ar\/sitio\/wp-json\/wp\/v2\/comments?post=96543"}],"version-history":[{"count":1,"href":"https:\/\/eldiariodesanpedro.com.ar\/sitio\/wp-json\/wp\/v2\/posts\/96543\/revisions"}],"predecessor-version":[{"id":96544,"href":"https:\/\/eldiariodesanpedro.com.ar\/sitio\/wp-json\/wp\/v2\/posts\/96543\/revisions\/96544"}],"wp:featuredmedia":[{"embeddable":true,"href":"https:\/\/eldiariodesanpedro.com.ar\/sitio\/wp-json\/wp\/v2\/media\/25826"}],"wp:attachment":[{"href":"https:\/\/eldiariodesanpedro.com.ar\/sitio\/wp-json\/wp\/v2\/media?parent=96543"}],"wp:term":[{"taxonomy":"category","embeddable":true,"href":"https:\/\/eldiariodesanpedro.com.ar\/sitio\/wp-json\/wp\/v2\/categories?post=96543"},{"taxonomy":"post_tag","embeddable":true,"href":"https:\/\/eldiariodesanpedro.com.ar\/sitio\/wp-json\/wp\/v2\/tags?post=96543"}],"curies":[{"name":"wp","href":"https:\/\/api.w.org\/{rel}","templated":true}]}}