{"id":96517,"date":"2021-07-29T10:28:08","date_gmt":"2021-07-29T13:28:08","guid":{"rendered":"https:\/\/eldiariodesanpedro.com.ar\/sitio\/?p=96517"},"modified":"2021-07-29T10:41:50","modified_gmt":"2021-07-29T13:41:50","slug":"en-la-madrugada-de-hoy-la-temperatura-estuvo-por-debajo-de-los-2","status":"publish","type":"post","link":"https:\/\/eldiariodesanpedro.com.ar\/sitio\/en-la-madrugada-de-hoy-la-temperatura-estuvo-por-debajo-de-los-2\/","title":{"rendered":"En la madrugada de hoy la temperatura estuvo por debajo de los -2\u00ba"},"content":{"rendered":"<!-- VideographyWP Plugin Message: Automatic video embedding prevented by plugin options. -->\n\n<p>En el d\u00eda de hoy el INTA San Pedro inform\u00f3 que en horas de la madrugada de este jueves la temperatura estuvo por debajo de 0 y no se levant\u00f3 hasta pasadas las 9 hs.<\/p>\n\n\n\n<p>Seg\u00fan confirm\u00f3 la estaci\u00f3n de investigaci\u00f3n de Inta San Pedro ubicada en la zona rural de nuestra ciudad la temperatura estuvo por debajo de los -2,7 grados cent\u00edgrados siendo una de las jornadas m\u00e1s fr\u00edas del a\u00f1o.<\/p>\n\n\n\n<p>Para las pr\u00f3ximas jornadas se esperan temperaturas similares ya que en el pa\u00eds se encuentra pasando una ola polar.<\/p>\n\n\n\n<p>Para hoy habr\u00e1 excelentes condiciones del tiempo con un amanecer helado pero que se tornar\u00e1 fresco r\u00e1pidamente, debido a la rotaci\u00f3n del viento al Oeste y su intensidad leve.<\/p>\n\n\n\n<p>Va a ser la ma\u00f1ana m\u00e1s fr\u00eda del a\u00f1o aunque no el d\u00eda m\u00e1s fr\u00edo del 2021.Es posible que en varias zonas, se registren heladas entre la madrugada y el amanecer.<\/p>\n","protected":false},"excerpt":{"rendered":"<p>En el d\u00eda de hoy el INTA San Pedro inform\u00f3 que en horas de la madrugada de este jueves la temperatura estuvo por debajo de 0 y no se levant\u00f3 hasta pasadas las 9 hs. Seg\u00fan confirm\u00f3 la estaci\u00f3n de investigaci\u00f3n de Inta San Pedro ubicada en la zona rural de nuestra ciudad la temperatura [&hellip;]<\/p>\n","protected":false},"author":4,"featured_media":96518,"comment_status":"closed","ping_status":"closed","sticky":false,"template":"","format":"standard","meta":{"om_disable_all_campaigns":false,"_jetpack_memberships_contains_paid_content":false,"footnotes":""},"categories":[101,2],"tags":[],"class_list":["post-96517","post","type-post","status-publish","format-standard","has-post-thumbnail","hentry","category-interes-general-locales","category-locales"],"aioseo_notices":[],"gutentor_comment":0,"jetpack_featured_media_url":"https:\/\/eldiariodesanpedro.com.ar\/sitio\/wp-content\/uploads\/2021\/07\/Sin-titulo-1-11.jpg","jetpack_shortlink":"https:\/\/wp.me\/p6RhLt-p6J","jetpack_sharing_enabled":true,"_links":{"self":[{"href":"https:\/\/eldiariodesanpedro.com.ar\/sitio\/wp-json\/wp\/v2\/posts\/96517","targetHints":{"allow":["GET"]}}],"collection":[{"href":"https:\/\/eldiariodesanpedro.com.ar\/sitio\/wp-json\/wp\/v2\/posts"}],"about":[{"href":"https:\/\/eldiariodesanpedro.com.ar\/sitio\/wp-json\/wp\/v2\/types\/post"}],"author":[{"embeddable":true,"href":"https:\/\/eldiariodesanpedro.com.ar\/sitio\/wp-json\/wp\/v2\/users\/4"}],"replies":[{"embeddable":true,"href":"https:\/\/eldiariodesanpedro.com.ar\/sitio\/wp-json\/wp\/v2\/comments?post=96517"}],"version-history":[{"count":4,"href":"https:\/\/eldiariodesanpedro.com.ar\/sitio\/wp-json\/wp\/v2\/posts\/96517\/revisions"}],"predecessor-version":[{"id":96524,"href":"https:\/\/eldiariodesanpedro.com.ar\/sitio\/wp-json\/wp\/v2\/posts\/96517\/revisions\/96524"}],"wp:featuredmedia":[{"embeddable":true,"href":"https:\/\/eldiariodesanpedro.com.ar\/sitio\/wp-json\/wp\/v2\/media\/96518"}],"wp:attachment":[{"href":"https:\/\/eldiariodesanpedro.com.ar\/sitio\/wp-json\/wp\/v2\/media?parent=96517"}],"wp:term":[{"taxonomy":"category","embeddable":true,"href":"https:\/\/eldiariodesanpedro.com.ar\/sitio\/wp-json\/wp\/v2\/categories?post=96517"},{"taxonomy":"post_tag","embeddable":true,"href":"https:\/\/eldiariodesanpedro.com.ar\/sitio\/wp-json\/wp\/v2\/tags?post=96517"}],"curies":[{"name":"wp","href":"https:\/\/api.w.org\/{rel}","templated":true}]}}