{"id":96514,"date":"2021-07-29T10:18:09","date_gmt":"2021-07-29T13:18:09","guid":{"rendered":"https:\/\/eldiariodesanpedro.com.ar\/sitio\/?p=96514"},"modified":"2021-07-29T10:21:06","modified_gmt":"2021-07-29T13:21:06","slug":"nelson-suarez-irala-la-clinica-san-pedro-esta-ocho-nueve-puntos","status":"publish","type":"post","link":"https:\/\/eldiariodesanpedro.com.ar\/sitio\/nelson-suarez-irala-la-clinica-san-pedro-esta-ocho-nueve-puntos\/","title":{"rendered":"Nelson Su\u00e1rez Irala: \u201cLa cl\u00ednica San Pedro est\u00e1 ocho, nueve puntos\u201d"},"content":{"rendered":"<!-- VideographyWP Plugin Message: Automatic video embedding prevented by plugin options. -->\n\n<p>El empresario que encabez\u00f3 la compra de la entidad habl\u00f3 en FM G\u00e9nesis y cont\u00f3 de qu\u00e9 manera se ir\u00e1 reactivando el nosocomio.<\/p>\n\n\n\n<p>Superada la angustia por el cierre y los d\u00edas de incertidumbre por la falta de trabajo, la cl\u00ednica privada San Pedro fue adquirida por un grupo empresarial y trajo tranquilidad a los empleados.<\/p>\n\n\n\n<p>&nbsp;El grupo que se hizo cargo del establecimiento se encuentra evaluando las condiciones relacionadas con la operatividad de la misma y desde all\u00ed se sabr\u00e1 con exactitud cu\u00e1ndo retomar\u00e1 la atenci\u00f3n al p\u00fablico.<\/p>\n\n\n\n<p>Nelson Su\u00e1rez Irala es uno de los nuevos responsables del nosocomio y habl\u00f3 en el aire de FM G\u00e9nesis donde dio detalles de c\u00f3mo se fueron dando los pasos y de qu\u00e9 manera se ir\u00e1 reactivando el servicio.<\/p>\n\n\n\n<p>\u201cSomos un grupo que siempre estamos en la b\u00fasqueda de cl\u00ednicas y sanatorios que est\u00e9n a la venta o en alquiler, enseguida nos ponemos en contacto\u201d, coment\u00f3 Su\u00e1rez Irala.<\/p>\n\n\n\n<p>\u201cNos enteramos de la cl\u00ednica San Pedro, nos pusimos en contacto con los due\u00f1os y comenzamos a negociar, hicimos una propuesta, ellos la analizaron y as\u00ed se concret\u00f3 el trato. Ahora ya estamos trabajando adentro de la cl\u00ednica\u201d.<\/p>\n\n\n\n<p>\u201cPara nosotros la cl\u00ednica no estaba pasando por una situaci\u00f3n cr\u00edtica, digamos que podr\u00eda ser una situaci\u00f3n normal dentro de una circunstancia c\u00f3mo esta\u201d. \u201cLo \u00fanico que hemos visto es que a la cl\u00ednica de falta mayor complejidad\u201d.<\/p>\n\n\n\n<p>\u201cLo que nosotros hicimos fue comprar las acciones\u201d, confirm\u00f3 el empresario en torno a las negociaciones iniciadas con los antiguos due\u00f1os.<\/p>\n\n\n\n<p>\u201cYa hablamos con el personal y ahora vamos a trabajar en reponer los insumos que est\u00e1n haciendo falta\u201d.<\/p>\n\n\n\n<p>\u201cLo que se dijo por ah\u00ed con respecto al estado en que estaba la cl\u00ednica me parece que fue m\u00e1s que nada para sumar puntos porque hab\u00eda cierto inter\u00e9s, la cl\u00ednica est\u00e1 ocho, nueve puntos\u201d.<\/p>\n\n\n\n<p>\u201cSobre la atenci\u00f3n m\u00e9dica ya hablamos con el C\u00edrculo M\u00e9dico de San Pedro, tambi\u00e9n con el C\u00edrculo M\u00e9dico de Baradero y hemos hablado con profesionales de San Nicol\u00e1s y de Rosario\u201d, resalt\u00f3 Su\u00e1rez.<\/p>\n\n\n\n<p>\u201cCon el tema PAMI ya lo tenemos hablado con la titular de la entidad ac\u00e1 en San Pedro y estamos muy cerca de ponernos de acuerdo\u201d, sostuvo. \u201cEn principio el objetivo es mantener la c\u00e1pita que ten\u00eda\u201d.<\/p>\n\n\n\n<p>\u201cA la vez el personal de administraci\u00f3n ya est\u00e1 trabajando en el tema de las obras sociales y ya hemos logrado ubicar a cuatro de ellas con qui\u00e9n pr\u00e1cticamente tenemos ya acordada la prestaci\u00f3n para estos sectores\u201d.<\/p>\n\n\n\n<p>\u201cTenemos proyectado ampliar distintas \u00e1reas, colocar un \u00e1rea de tomograf\u00eda en 3D, tambi\u00e9n di\u00e1lisis y neonatolog\u00eda\u201d, adelant\u00f3.<\/p>\n\n\n\n<p>\u201cEn terapia actualmente hay 5 camas y dos respiradores, pero nosotros vamos a poner 5 respiradores m\u00e1s y 7 camas, adem\u00e1s tambi\u00e9n crearemos un \u00e1rea de cuidados intermedios y vamos a trabajar con sectores diferenciados por covid-19 y no covid con doble entrada\u201d.Fuente:<a href=\"https:\/\/www.sanpedroinforma.com.ar\/nota\/124331\/sociedad\/nelson-suarez-irala-la-clinica-san-pedro-esta-ocho-nueve-puntos.html\"> San Pedro Informa<\/a><\/p>\n","protected":false},"excerpt":{"rendered":"<p>El empresario que encabez\u00f3 la compra de la entidad habl\u00f3 en FM G\u00e9nesis y cont\u00f3 de qu\u00e9 manera se ir\u00e1 reactivando el nosocomio. Superada la angustia por el cierre y los d\u00edas de incertidumbre por la falta de trabajo, la cl\u00ednica privada San Pedro fue adquirida por un grupo empresarial y trajo tranquilidad a los [&hellip;]<\/p>\n","protected":false},"author":4,"featured_media":95375,"comment_status":"closed","ping_status":"closed","sticky":false,"template":"","format":"standard","meta":{"om_disable_all_campaigns":false,"_jetpack_memberships_contains_paid_content":false,"footnotes":""},"categories":[50,101,2],"tags":[],"class_list":["post-96514","post","type-post","status-publish","format-standard","has-post-thumbnail","hentry","category-destacadas","category-interes-general-locales","category-locales"],"aioseo_notices":[],"gutentor_comment":0,"jetpack_featured_media_url":"https:\/\/eldiariodesanpedro.com.ar\/sitio\/wp-content\/uploads\/2021\/07\/209871070_1599673213575145_2754309284017078439_n.jpg","jetpack_shortlink":"https:\/\/wp.me\/p6RhLt-p6G","jetpack_sharing_enabled":true,"_links":{"self":[{"href":"https:\/\/eldiariodesanpedro.com.ar\/sitio\/wp-json\/wp\/v2\/posts\/96514","targetHints":{"allow":["GET"]}}],"collection":[{"href":"https:\/\/eldiariodesanpedro.com.ar\/sitio\/wp-json\/wp\/v2\/posts"}],"about":[{"href":"https:\/\/eldiariodesanpedro.com.ar\/sitio\/wp-json\/wp\/v2\/types\/post"}],"author":[{"embeddable":true,"href":"https:\/\/eldiariodesanpedro.com.ar\/sitio\/wp-json\/wp\/v2\/users\/4"}],"replies":[{"embeddable":true,"href":"https:\/\/eldiariodesanpedro.com.ar\/sitio\/wp-json\/wp\/v2\/comments?post=96514"}],"version-history":[{"count":1,"href":"https:\/\/eldiariodesanpedro.com.ar\/sitio\/wp-json\/wp\/v2\/posts\/96514\/revisions"}],"predecessor-version":[{"id":96516,"href":"https:\/\/eldiariodesanpedro.com.ar\/sitio\/wp-json\/wp\/v2\/posts\/96514\/revisions\/96516"}],"wp:featuredmedia":[{"embeddable":true,"href":"https:\/\/eldiariodesanpedro.com.ar\/sitio\/wp-json\/wp\/v2\/media\/95375"}],"wp:attachment":[{"href":"https:\/\/eldiariodesanpedro.com.ar\/sitio\/wp-json\/wp\/v2\/media?parent=96514"}],"wp:term":[{"taxonomy":"category","embeddable":true,"href":"https:\/\/eldiariodesanpedro.com.ar\/sitio\/wp-json\/wp\/v2\/categories?post=96514"},{"taxonomy":"post_tag","embeddable":true,"href":"https:\/\/eldiariodesanpedro.com.ar\/sitio\/wp-json\/wp\/v2\/tags?post=96514"}],"curies":[{"name":"wp","href":"https:\/\/api.w.org\/{rel}","templated":true}]}}