{"id":96506,"date":"2021-07-29T09:58:27","date_gmt":"2021-07-29T12:58:27","guid":{"rendered":"https:\/\/eldiariodesanpedro.com.ar\/sitio\/?p=96506"},"modified":"2021-07-29T09:58:31","modified_gmt":"2021-07-29T12:58:31","slug":"advertencia-por-bajas-temperaturas-en-variedades-tempranas-de-duraznero","status":"publish","type":"post","link":"https:\/\/eldiariodesanpedro.com.ar\/sitio\/advertencia-por-bajas-temperaturas-en-variedades-tempranas-de-duraznero\/","title":{"rendered":"Advertencia por bajas temperaturas en variedades tempranas de duraznero"},"content":{"rendered":"<!-- VideographyWP Plugin Message: Automatic video embedding prevented by plugin options. -->\n\n<p>Las variedades tempranas adelantaron su floraci\u00f3n al menos 10 d\u00edas, debido a la temprana acumulaci\u00f3n de sus requerimientos de fr\u00edo.<\/p>\n\n\n\n<p><em>\u00abSe observa que algunas variedades de durazneros y nectarinas que se cultivan comercialmente en la zona se encuentran en estados fenol\u00f3gicos susceptibles de sufrir da\u00f1os ante la ocurrencia de heladas\u201d,<\/em>&nbsp;sostiene Gabriel Valentini, y explica que&nbsp;<em>\u201cseg\u00fan el cultivar, se observan estados que var\u00edan desde el inicio hasta final de la floraci\u00f3n y ca\u00edda de p\u00e9talos, indicando la posibilidad de ocurrencia de da\u00f1os por helada en funci\u00f3n de su intensidad y duraci\u00f3n\u201d.<\/em><\/p>\n\n\n\n<p>En este sentido, y previendo las bajas temperaturas de los d\u00edas venideros, se sugiere a los productores estar alerta en los predios, controlando con sus term\u00f3metros. Se recuerda que el Servicio de Alarma para el Control de Heladas, en su edici\u00f3n 24, inicia el 1\u00b0 de Agosto con el objetivo de brindar informaci\u00f3n que aporte a la toma de decisiones a partir de datos de referencia para la protecci\u00f3n de los montes de frutales de carozo para acompa\u00f1ar al productor antes y durante la situaci\u00f3n de una helada.\u00a0<\/p>\n\n\n\n<figure class=\"wp-block-image size-large\"><img decoding=\"async\" width=\"800\" height=\"600\" data-attachment-id=\"96507\" data-permalink=\"https:\/\/eldiariodesanpedro.com.ar\/sitio\/advertencia-por-bajas-temperaturas-en-variedades-tempranas-de-duraznero\/unnamed-1-39\/\" data-orig-file=\"https:\/\/eldiariodesanpedro.com.ar\/sitio\/wp-content\/uploads\/2021\/07\/unnamed-1-1.jpg\" data-orig-size=\"800,600\" data-comments-opened=\"0\" data-image-meta=\"{&quot;aperture&quot;:&quot;0&quot;,&quot;credit&quot;:&quot;&quot;,&quot;camera&quot;:&quot;&quot;,&quot;caption&quot;:&quot;&quot;,&quot;created_timestamp&quot;:&quot;0&quot;,&quot;copyright&quot;:&quot;&quot;,&quot;focal_length&quot;:&quot;0&quot;,&quot;iso&quot;:&quot;0&quot;,&quot;shutter_speed&quot;:&quot;0&quot;,&quot;title&quot;:&quot;&quot;,&quot;orientation&quot;:&quot;0&quot;}\" data-image-title=\"unnamed (1)\" data-image-description=\"\" data-image-caption=\"\" data-large-file=\"https:\/\/eldiariodesanpedro.com.ar\/sitio\/wp-content\/uploads\/2021\/07\/unnamed-1-1.jpg\" data-src=\"https:\/\/eldiariodesanpedro.com.ar\/sitio\/wp-content\/uploads\/2021\/07\/unnamed-1-1.jpg\" alt=\"\" class=\"wp-image-96507 lazyload\" data-srcset=\"https:\/\/eldiariodesanpedro.com.ar\/sitio\/wp-content\/uploads\/2021\/07\/unnamed-1-1.jpg 800w, https:\/\/eldiariodesanpedro.com.ar\/sitio\/wp-content\/uploads\/2021\/07\/unnamed-1-1-300x225.jpg 300w, https:\/\/eldiariodesanpedro.com.ar\/sitio\/wp-content\/uploads\/2021\/07\/unnamed-1-1-768x576.jpg 768w, https:\/\/eldiariodesanpedro.com.ar\/sitio\/wp-content\/uploads\/2021\/07\/unnamed-1-1-500x375.jpg 500w\" data-sizes=\"(max-width: 800px) 100vw, 800px\" src=\"data:image\/svg+xml;base64,PHN2ZyB3aWR0aD0iMSIgaGVpZ2h0PSIxIiB4bWxucz0iaHR0cDovL3d3dy53My5vcmcvMjAwMC9zdmciPjwvc3ZnPg==\" style=\"--smush-placeholder-width: 800px; --smush-placeholder-aspect-ratio: 800\/600;\" \/><\/figure>\n","protected":false},"excerpt":{"rendered":"<p>Las variedades tempranas adelantaron su floraci\u00f3n al menos 10 d\u00edas, debido a la temprana acumulaci\u00f3n de sus requerimientos de fr\u00edo. \u00abSe observa que algunas variedades de durazneros y nectarinas que se cultivan comercialmente en la zona se encuentran en estados fenol\u00f3gicos susceptibles de sufrir da\u00f1os ante la ocurrencia de heladas\u201d,&nbsp;sostiene Gabriel Valentini, y explica que&nbsp;\u201cseg\u00fan [&hellip;]<\/p>\n","protected":false},"author":4,"featured_media":96508,"comment_status":"closed","ping_status":"closed","sticky":false,"template":"","format":"standard","meta":{"om_disable_all_campaigns":false,"_jetpack_memberships_contains_paid_content":false,"footnotes":""},"categories":[101,2],"tags":[],"class_list":["post-96506","post","type-post","status-publish","format-standard","has-post-thumbnail","hentry","category-interes-general-locales","category-locales"],"aioseo_notices":[],"gutentor_comment":0,"jetpack_featured_media_url":"https:\/\/eldiariodesanpedro.com.ar\/sitio\/wp-content\/uploads\/2021\/07\/unnamed-2.jpg","jetpack_shortlink":"https:\/\/wp.me\/p6RhLt-p6y","jetpack_sharing_enabled":true,"_links":{"self":[{"href":"https:\/\/eldiariodesanpedro.com.ar\/sitio\/wp-json\/wp\/v2\/posts\/96506","targetHints":{"allow":["GET"]}}],"collection":[{"href":"https:\/\/eldiariodesanpedro.com.ar\/sitio\/wp-json\/wp\/v2\/posts"}],"about":[{"href":"https:\/\/eldiariodesanpedro.com.ar\/sitio\/wp-json\/wp\/v2\/types\/post"}],"author":[{"embeddable":true,"href":"https:\/\/eldiariodesanpedro.com.ar\/sitio\/wp-json\/wp\/v2\/users\/4"}],"replies":[{"embeddable":true,"href":"https:\/\/eldiariodesanpedro.com.ar\/sitio\/wp-json\/wp\/v2\/comments?post=96506"}],"version-history":[{"count":1,"href":"https:\/\/eldiariodesanpedro.com.ar\/sitio\/wp-json\/wp\/v2\/posts\/96506\/revisions"}],"predecessor-version":[{"id":96509,"href":"https:\/\/eldiariodesanpedro.com.ar\/sitio\/wp-json\/wp\/v2\/posts\/96506\/revisions\/96509"}],"wp:featuredmedia":[{"embeddable":true,"href":"https:\/\/eldiariodesanpedro.com.ar\/sitio\/wp-json\/wp\/v2\/media\/96508"}],"wp:attachment":[{"href":"https:\/\/eldiariodesanpedro.com.ar\/sitio\/wp-json\/wp\/v2\/media?parent=96506"}],"wp:term":[{"taxonomy":"category","embeddable":true,"href":"https:\/\/eldiariodesanpedro.com.ar\/sitio\/wp-json\/wp\/v2\/categories?post=96506"},{"taxonomy":"post_tag","embeddable":true,"href":"https:\/\/eldiariodesanpedro.com.ar\/sitio\/wp-json\/wp\/v2\/tags?post=96506"}],"curies":[{"name":"wp","href":"https:\/\/api.w.org\/{rel}","templated":true}]}}