{"id":96484,"date":"2021-07-28T13:02:16","date_gmt":"2021-07-28T16:02:16","guid":{"rendered":"https:\/\/eldiariodesanpedro.com.ar\/sitio\/?p=96484"},"modified":"2021-07-28T13:02:20","modified_gmt":"2021-07-28T16:02:20","slug":"coronavirus-se-recibieron-24-positivos-y-75-negativos-los-activos-son-89","status":"publish","type":"post","link":"https:\/\/eldiariodesanpedro.com.ar\/sitio\/coronavirus-se-recibieron-24-positivos-y-75-negativos-los-activos-son-89\/","title":{"rendered":"Coronavirus: Se recibieron 24 positivos y 75 negativos, los activos son 89"},"content":{"rendered":"<!-- VideographyWP Plugin Message: Automatic video embedding prevented by plugin options. -->\n\n<p>La Secretar\u00eda de Salud de la Municipalidad de San Pedro brinda el informe que acompa\u00f1a la placa del d\u00eda de la fecha, en el seguimiento de la Pandemia de Covid-19.<\/p>\n\n\n\n<p>Se recibieron del Laboratorio Central Lab los resultados de los \u00faltimos env\u00edos de muestras sin resultados positivos, y se confirmaron 24 casos positivos a trav\u00e9s de los testeos r\u00e1pidos que se realizan en el Laboratorio del Hospital, totalizando 24 nuevos casos positivos.<\/p>\n\n\n\n<p>Sobre el resto de las muestras recibidas, el Laboratorio Central Lab inform\u00f3 14 resultados negativos. Desde el Laboratorio del Hospital, se informaron 61 testeos r\u00e1pidos negativos que totaliza 75 resultados negativos.<\/p>\n\n\n\n<p>Los positivos est\u00e1n divididos en:<\/p>\n\n\n\n<ul class=\"wp-block-list\"><li>Laboratorio del Hospital:<\/li><li>15 mujeres de 25, 26(3), 33, 34, 36(2), 44, 45, 46, 58, 67, 71 y 82 a\u00f1os.<\/li><li>9 hombres de 23, 26, 38, 47, 49, 51, 52, 53 y 57 a\u00f1os.<\/li><li>No se enviaron nuevas muestras.<\/li><li>Se incorporan a la estad\u00edstica oficial 10 altas.<\/li><\/ul>\n\n\n\n<p>Resumen actualizado de informaci\u00f3n oficial<\/p>\n\n\n\n<p>Positivos desde el inicio de la Pandemia: 5638<br>Activos: 89<br>Recuperados: 5321<br>Fallecidos: 228<br>Negativos desde el inicio de la Pandemia: 6392<\/p>\n\n\n\n<p>Los datos consignados en este informe corresponden a casos analizados a trav\u00e9s de hisopados realizados en el \u00abC.C.19\u00bb analizados por el Laboratorio Central Lab y testeos r\u00e1pidos efectuados en el Laboratorio del Hospital.<\/p>\n\n\n\n<p>&#x1f449; Usar tapabocas.<br>&#x1f449; Mantener la distancia m\u00ednima de 2 metros.<br>&#x1f449; Extremar la higiene de los espacios.<br>&#x1f449; Mantener las manos limpias.<\/p>\n\n\n\n<p>Se recuerda que, ante s\u00edntomas de tos seca, fiebre y dolor de garganta se puede llamar al 148 o 107<\/p>\n\n\n\n<p>Atenci\u00f3n y seguimiento COVID-19<\/p>\n\n\n\n<p>Centro de Asesoramiento y Atenci\u00f3n M\u00e9dica<br>(Ex Consultorios Amarillos)<br>Ituzaing\u00f3 979<br>Lunes a viernes de 9 a 18 hs. &#8211; s\u00e1bados de 9 a 12 hs.<\/p>\n\n\n\n<p>L\u00ednea COVID<br>Para seguimiento y consultas<br>3329 315000 (llamadas o WhatsApp)<br>Lunes a viernes 9 a 18 hs. &#8211; S\u00e1bados de 9 a 12 hs.<\/p>\n\n\n\n<p>Emergencias todos los d\u00edas, las 24 hs. \u2013 107<\/p>\n\n\n\n<figure class=\"wp-block-image size-large\"><img decoding=\"async\" width=\"1024\" height=\"1024\" data-attachment-id=\"96486\" data-permalink=\"https:\/\/eldiariodesanpedro.com.ar\/sitio\/coronavirus-se-recibieron-24-positivos-y-75-negativos-los-activos-son-89\/whatsapp-image-2021-07-28-at-10-49-25-1\/\" data-orig-file=\"https:\/\/eldiariodesanpedro.com.ar\/sitio\/wp-content\/uploads\/2021\/07\/WhatsApp-Image-2021-07-28-at-10.49.25-1.jpeg\" data-orig-size=\"1080,1080\" data-comments-opened=\"0\" data-image-meta=\"{&quot;aperture&quot;:&quot;0&quot;,&quot;credit&quot;:&quot;&quot;,&quot;camera&quot;:&quot;&quot;,&quot;caption&quot;:&quot;&quot;,&quot;created_timestamp&quot;:&quot;0&quot;,&quot;copyright&quot;:&quot;&quot;,&quot;focal_length&quot;:&quot;0&quot;,&quot;iso&quot;:&quot;0&quot;,&quot;shutter_speed&quot;:&quot;0&quot;,&quot;title&quot;:&quot;&quot;,&quot;orientation&quot;:&quot;0&quot;}\" data-image-title=\"WhatsApp-Image-2021-07-28-at-10.49.25-1\" data-image-description=\"\" data-image-caption=\"\" data-large-file=\"https:\/\/eldiariodesanpedro.com.ar\/sitio\/wp-content\/uploads\/2021\/07\/WhatsApp-Image-2021-07-28-at-10.49.25-1-1024x1024.jpeg\" data-src=\"https:\/\/eldiariodesanpedro.com.ar\/sitio\/wp-content\/uploads\/2021\/07\/WhatsApp-Image-2021-07-28-at-10.49.25-1-1024x1024.jpeg\" alt=\"\" class=\"wp-image-96486 lazyload\" data-srcset=\"https:\/\/eldiariodesanpedro.com.ar\/sitio\/wp-content\/uploads\/2021\/07\/WhatsApp-Image-2021-07-28-at-10.49.25-1-1024x1024.jpeg 1024w, https:\/\/eldiariodesanpedro.com.ar\/sitio\/wp-content\/uploads\/2021\/07\/WhatsApp-Image-2021-07-28-at-10.49.25-1-300x300.jpeg 300w, https:\/\/eldiariodesanpedro.com.ar\/sitio\/wp-content\/uploads\/2021\/07\/WhatsApp-Image-2021-07-28-at-10.49.25-1-150x150.jpeg 150w, https:\/\/eldiariodesanpedro.com.ar\/sitio\/wp-content\/uploads\/2021\/07\/WhatsApp-Image-2021-07-28-at-10.49.25-1-768x768.jpeg 768w, https:\/\/eldiariodesanpedro.com.ar\/sitio\/wp-content\/uploads\/2021\/07\/WhatsApp-Image-2021-07-28-at-10.49.25-1.jpeg 1080w\" data-sizes=\"(max-width: 1024px) 100vw, 1024px\" src=\"data:image\/svg+xml;base64,PHN2ZyB3aWR0aD0iMSIgaGVpZ2h0PSIxIiB4bWxucz0iaHR0cDovL3d3dy53My5vcmcvMjAwMC9zdmciPjwvc3ZnPg==\" style=\"--smush-placeholder-width: 1024px; --smush-placeholder-aspect-ratio: 1024\/1024;\" \/><\/figure>\n","protected":false},"excerpt":{"rendered":"<p>La Secretar\u00eda de Salud de la Municipalidad de San Pedro brinda el informe que acompa\u00f1a la placa del d\u00eda de la fecha, en el seguimiento de la Pandemia de Covid-19. Se recibieron del Laboratorio Central Lab los resultados de los \u00faltimos env\u00edos de muestras sin resultados positivos, y se confirmaron 24 casos positivos a trav\u00e9s [&hellip;]<\/p>\n","protected":false},"author":4,"featured_media":78783,"comment_status":"closed","ping_status":"closed","sticky":false,"template":"","format":"standard","meta":{"om_disable_all_campaigns":false,"_jetpack_memberships_contains_paid_content":false,"footnotes":""},"categories":[50,101,2],"tags":[],"class_list":["post-96484","post","type-post","status-publish","format-standard","has-post-thumbnail","hentry","category-destacadas","category-interes-general-locales","category-locales"],"aioseo_notices":[],"gutentor_comment":0,"jetpack_featured_media_url":"https:\/\/eldiariodesanpedro.com.ar\/sitio\/wp-content\/uploads\/2020\/08\/coronavirus-positivo-2.jpg","jetpack_shortlink":"https:\/\/wp.me\/p6RhLt-p6c","jetpack_sharing_enabled":true,"_links":{"self":[{"href":"https:\/\/eldiariodesanpedro.com.ar\/sitio\/wp-json\/wp\/v2\/posts\/96484","targetHints":{"allow":["GET"]}}],"collection":[{"href":"https:\/\/eldiariodesanpedro.com.ar\/sitio\/wp-json\/wp\/v2\/posts"}],"about":[{"href":"https:\/\/eldiariodesanpedro.com.ar\/sitio\/wp-json\/wp\/v2\/types\/post"}],"author":[{"embeddable":true,"href":"https:\/\/eldiariodesanpedro.com.ar\/sitio\/wp-json\/wp\/v2\/users\/4"}],"replies":[{"embeddable":true,"href":"https:\/\/eldiariodesanpedro.com.ar\/sitio\/wp-json\/wp\/v2\/comments?post=96484"}],"version-history":[{"count":1,"href":"https:\/\/eldiariodesanpedro.com.ar\/sitio\/wp-json\/wp\/v2\/posts\/96484\/revisions"}],"predecessor-version":[{"id":96487,"href":"https:\/\/eldiariodesanpedro.com.ar\/sitio\/wp-json\/wp\/v2\/posts\/96484\/revisions\/96487"}],"wp:featuredmedia":[{"embeddable":true,"href":"https:\/\/eldiariodesanpedro.com.ar\/sitio\/wp-json\/wp\/v2\/media\/78783"}],"wp:attachment":[{"href":"https:\/\/eldiariodesanpedro.com.ar\/sitio\/wp-json\/wp\/v2\/media?parent=96484"}],"wp:term":[{"taxonomy":"category","embeddable":true,"href":"https:\/\/eldiariodesanpedro.com.ar\/sitio\/wp-json\/wp\/v2\/categories?post=96484"},{"taxonomy":"post_tag","embeddable":true,"href":"https:\/\/eldiariodesanpedro.com.ar\/sitio\/wp-json\/wp\/v2\/tags?post=96484"}],"curies":[{"name":"wp","href":"https:\/\/api.w.org\/{rel}","templated":true}]}}