{"id":96481,"date":"2021-07-28T12:13:31","date_gmt":"2021-07-28T15:13:31","guid":{"rendered":"https:\/\/eldiariodesanpedro.com.ar\/sitio\/?p=96481"},"modified":"2021-07-28T12:13:33","modified_gmt":"2021-07-28T15:13:33","slug":"ramallo-desde-este-miercoles-la-ciudad-pasa-a-fase-4-y-abre-el-bingo-ramallo","status":"publish","type":"post","link":"https:\/\/eldiariodesanpedro.com.ar\/sitio\/ramallo-desde-este-miercoles-la-ciudad-pasa-a-fase-4-y-abre-el-bingo-ramallo\/","title":{"rendered":"RAMALLO | Desde este mi\u00e9rcoles la ciudad pasa a fase 4 y abre el Bingo Ramallo"},"content":{"rendered":"<!-- VideographyWP Plugin Message: Automatic video embedding prevented by plugin options. -->\n\n<p>Desde la Jefatura de Gabinete de Ministros se inform\u00f3 que luego de la evaluaci\u00f3n semanal de casos y tomando en cuenta las medidas sanitarias y epidemiol\u00f3gicas vigentes, el municipio de Ramallo pasa a Fase 4 a partir de ma\u00f1ana.<\/p>\n\n\n\n<p><br>Los par\u00e1metros sanitarios son:<\/p>\n\n\n\n<p>\u2022 La incidencia de casos en las \u00faltimas dos semanas sea menor a 250, y la raz\u00f3n de casos, definida como el cociente entre el n\u00famero de casos confirmados acumulados en los \u00faltimos CATORCE 14 d\u00edas y el n\u00famero de casos confirmados acumulados en los 14 d\u00edas previos, se encuentre debajo de CERO COMA OCHO (0,8).<\/p>\n\n\n\n<p>\u2022 O, en aquellos municipios que, en las \u00faltimas dos semanas inmediatas anteriores a la fecha de evaluaci\u00f3n que realice el Ministerio de Salud, hubieran estabilizado el aumento de casos, disminuyendo la raz\u00f3n de casos de UNO COMA VEINTE (1,20) o m\u00e1s, pero presenten una incidencia menor a CINCUENTA (150)<\/p>\n\n\n\n<p>Tomando en cuenta estos indicadores, se decide pasar a Ramallo a Fase 4 dado la tasa de incidencia de 178 y una raz\u00f3n de 0. 4.<\/p>\n\n\n\n<p><strong>Bingo Ramallo<\/strong><\/p>\n\n\n\n<p>En tanto, desde el Bingo Ramallo informaron que la casa de juegos estar\u00e1 abierta desde las 10 hs. hasta la medianoche con los protocolos vigentes y respetando el distanciamiento social. El bingo es uno de los principales empleadores que tiene el partido de Ramallo. En total trabajan cerca de 200 personas.<\/p>\n\n\n\n<p>Fuente: <a href=\"https:\/\/laradioramallo.com.ar\/nota\/8665\/desde-este-miercoles-ramallo-pasa-a-fase-4-y-abre-el-bingo-ramallo-\">FM Acero<\/a><\/p>\n","protected":false},"excerpt":{"rendered":"<p>Desde la Jefatura de Gabinete de Ministros se inform\u00f3 que luego de la evaluaci\u00f3n semanal de casos y tomando en cuenta las medidas sanitarias y epidemiol\u00f3gicas vigentes, el municipio de Ramallo pasa a Fase 4 a partir de ma\u00f1ana. Los par\u00e1metros sanitarios son: \u2022 La incidencia de casos en las \u00faltimas dos semanas sea menor [&hellip;]<\/p>\n","protected":false},"author":4,"featured_media":96482,"comment_status":"closed","ping_status":"closed","sticky":false,"template":"","format":"standard","meta":{"om_disable_all_campaigns":false,"_jetpack_memberships_contains_paid_content":false,"footnotes":""},"categories":[621],"tags":[],"class_list":["post-96481","post","type-post","status-publish","format-standard","has-post-thumbnail","hentry","category-regionales"],"aioseo_notices":[],"gutentor_comment":0,"jetpack_featured_media_url":"https:\/\/eldiariodesanpedro.com.ar\/sitio\/wp-content\/uploads\/2021\/07\/resize_1627423571.jpg","jetpack_shortlink":"https:\/\/wp.me\/p6RhLt-p69","jetpack_sharing_enabled":true,"_links":{"self":[{"href":"https:\/\/eldiariodesanpedro.com.ar\/sitio\/wp-json\/wp\/v2\/posts\/96481","targetHints":{"allow":["GET"]}}],"collection":[{"href":"https:\/\/eldiariodesanpedro.com.ar\/sitio\/wp-json\/wp\/v2\/posts"}],"about":[{"href":"https:\/\/eldiariodesanpedro.com.ar\/sitio\/wp-json\/wp\/v2\/types\/post"}],"author":[{"embeddable":true,"href":"https:\/\/eldiariodesanpedro.com.ar\/sitio\/wp-json\/wp\/v2\/users\/4"}],"replies":[{"embeddable":true,"href":"https:\/\/eldiariodesanpedro.com.ar\/sitio\/wp-json\/wp\/v2\/comments?post=96481"}],"version-history":[{"count":1,"href":"https:\/\/eldiariodesanpedro.com.ar\/sitio\/wp-json\/wp\/v2\/posts\/96481\/revisions"}],"predecessor-version":[{"id":96483,"href":"https:\/\/eldiariodesanpedro.com.ar\/sitio\/wp-json\/wp\/v2\/posts\/96481\/revisions\/96483"}],"wp:featuredmedia":[{"embeddable":true,"href":"https:\/\/eldiariodesanpedro.com.ar\/sitio\/wp-json\/wp\/v2\/media\/96482"}],"wp:attachment":[{"href":"https:\/\/eldiariodesanpedro.com.ar\/sitio\/wp-json\/wp\/v2\/media?parent=96481"}],"wp:term":[{"taxonomy":"category","embeddable":true,"href":"https:\/\/eldiariodesanpedro.com.ar\/sitio\/wp-json\/wp\/v2\/categories?post=96481"},{"taxonomy":"post_tag","embeddable":true,"href":"https:\/\/eldiariodesanpedro.com.ar\/sitio\/wp-json\/wp\/v2\/tags?post=96481"}],"curies":[{"name":"wp","href":"https:\/\/api.w.org\/{rel}","templated":true}]}}