{"id":96477,"date":"2021-07-28T12:01:08","date_gmt":"2021-07-28T15:01:08","guid":{"rendered":"https:\/\/eldiariodesanpedro.com.ar\/sitio\/?p=96477"},"modified":"2021-07-28T12:01:10","modified_gmt":"2021-07-28T15:01:10","slug":"vacunacion-se-abrio-la-inscripcion-para-los-jovenes-de-12-a-17-anos-a-traves-de-la-pagina-web","status":"publish","type":"post","link":"https:\/\/eldiariodesanpedro.com.ar\/sitio\/vacunacion-se-abrio-la-inscripcion-para-los-jovenes-de-12-a-17-anos-a-traves-de-la-pagina-web\/","title":{"rendered":"Vacunaci\u00f3n: Se abri\u00f3 la inscripci\u00f3n para los j\u00f3venes de 12 a 17 a\u00f1os a trav\u00e9s de la p\u00e1gina web"},"content":{"rendered":"<!-- VideographyWP Plugin Message: Automatic video embedding prevented by plugin options. -->\n\n<p>El Centro de San Pedro del Plan Provincial de Vacunaci\u00f3n contra el Covid informa que se encuentra abierta la inscripci\u00f3n para j\u00f3venes de 12 a 17 a\u00f1os, en especial para aquellos con comorbilidades.<\/p>\n\n\n\n<p>Pueden hacerlo a trav\u00e9s de la web&nbsp;<a href=\"http:\/\/vacunatepba.gba.gob.ar\/\" target=\"_blank\" rel=\"noreferrer noopener\">vacunatepba.gba.gob.ar<\/a>&nbsp;o descargando la aplicaci\u00f3n para celulares.<\/p>\n\n\n\n<p>Los chicos y chicas de 12 a\u00f1os que deseen recibir la primera dosis deber\u00e1n concurrir con padre, madre o adulto responsable para firmar el consentimiento.<\/p>\n","protected":false},"excerpt":{"rendered":"<p>El Centro de San Pedro del Plan Provincial de Vacunaci\u00f3n contra el Covid informa que se encuentra abierta la inscripci\u00f3n para j\u00f3venes de 12 a 17 a\u00f1os, en especial para aquellos con comorbilidades. Pueden hacerlo a trav\u00e9s de la web&nbsp;vacunatepba.gba.gob.ar&nbsp;o descargando la aplicaci\u00f3n para celulares. Los chicos y chicas de 12 a\u00f1os que deseen recibir [&hellip;]<\/p>\n","protected":false},"author":4,"featured_media":96479,"comment_status":"closed","ping_status":"closed","sticky":false,"template":"","format":"standard","meta":{"om_disable_all_campaigns":false,"_jetpack_memberships_contains_paid_content":false,"footnotes":""},"categories":[101,2],"tags":[],"class_list":["post-96477","post","type-post","status-publish","format-standard","has-post-thumbnail","hentry","category-interes-general-locales","category-locales"],"aioseo_notices":[],"gutentor_comment":0,"jetpack_featured_media_url":"https:\/\/eldiariodesanpedro.com.ar\/sitio\/wp-content\/uploads\/2021\/07\/vacuna-menores-provincia-12-anos.jpeg","jetpack_shortlink":"https:\/\/wp.me\/p6RhLt-p65","jetpack_sharing_enabled":true,"_links":{"self":[{"href":"https:\/\/eldiariodesanpedro.com.ar\/sitio\/wp-json\/wp\/v2\/posts\/96477","targetHints":{"allow":["GET"]}}],"collection":[{"href":"https:\/\/eldiariodesanpedro.com.ar\/sitio\/wp-json\/wp\/v2\/posts"}],"about":[{"href":"https:\/\/eldiariodesanpedro.com.ar\/sitio\/wp-json\/wp\/v2\/types\/post"}],"author":[{"embeddable":true,"href":"https:\/\/eldiariodesanpedro.com.ar\/sitio\/wp-json\/wp\/v2\/users\/4"}],"replies":[{"embeddable":true,"href":"https:\/\/eldiariodesanpedro.com.ar\/sitio\/wp-json\/wp\/v2\/comments?post=96477"}],"version-history":[{"count":1,"href":"https:\/\/eldiariodesanpedro.com.ar\/sitio\/wp-json\/wp\/v2\/posts\/96477\/revisions"}],"predecessor-version":[{"id":96480,"href":"https:\/\/eldiariodesanpedro.com.ar\/sitio\/wp-json\/wp\/v2\/posts\/96477\/revisions\/96480"}],"wp:featuredmedia":[{"embeddable":true,"href":"https:\/\/eldiariodesanpedro.com.ar\/sitio\/wp-json\/wp\/v2\/media\/96479"}],"wp:attachment":[{"href":"https:\/\/eldiariodesanpedro.com.ar\/sitio\/wp-json\/wp\/v2\/media?parent=96477"}],"wp:term":[{"taxonomy":"category","embeddable":true,"href":"https:\/\/eldiariodesanpedro.com.ar\/sitio\/wp-json\/wp\/v2\/categories?post=96477"},{"taxonomy":"post_tag","embeddable":true,"href":"https:\/\/eldiariodesanpedro.com.ar\/sitio\/wp-json\/wp\/v2\/tags?post=96477"}],"curies":[{"name":"wp","href":"https:\/\/api.w.org\/{rel}","templated":true}]}}