{"id":96470,"date":"2021-07-28T11:46:44","date_gmt":"2021-07-28T14:46:44","guid":{"rendered":"https:\/\/eldiariodesanpedro.com.ar\/sitio\/?p=96470"},"modified":"2021-07-28T11:48:48","modified_gmt":"2021-07-28T14:48:48","slug":"proximamente-vacunacion-contra-covid-en-las-plazas-de-la-ciudad-y-el-tren-sanitario-visitara-san-pedro","status":"publish","type":"post","link":"https:\/\/eldiariodesanpedro.com.ar\/sitio\/proximamente-vacunacion-contra-covid-en-las-plazas-de-la-ciudad-y-el-tren-sanitario-visitara-san-pedro\/","title":{"rendered":"Pr\u00f3ximamente vacunaci\u00f3n contra covid en las plazas de la ciudad y el tren sanitario visitar\u00e1 San Pedro"},"content":{"rendered":"<!-- VideographyWP Plugin Message: Automatic video embedding prevented by plugin options. -->\n\n<p>Desde la Secretar\u00eda de Salud y desde el vacunatorio se inform\u00f3 que en los pr\u00f3ximos d\u00edas luego de lo anunciado por el Gobernador Axel Kicilof que a partir del 30 de julio la vacunaci\u00f3n ser\u00e1 libre para todos los ciudadanos mayores de 18 a\u00f1os se realizar\u00e1n vacunaciones en diferentes plazas de la ciudad, y tambi\u00e9n se anunci\u00f3 la visita del tren sanitario a la ciudad de San Pedro y la localidad de Gobernador Castro.<\/p>\n\n\n\n<p>Seg\u00fan inform\u00f3 el Secretario de Salud Dr. Creus en las pr\u00f3ximas semanas se espera la presencia del tren sanitario a la ciudad de San Pedro y adem\u00e1s a la vecina localidad de Gobernador castro, donde se podr\u00e1n acercar las personas mayores de 18 a\u00f1os de edad para recibir su vacunaci\u00f3n contra el coronavirus sin turno adem\u00e1s donde se podr\u00e1n a disposici\u00f3n consultorios para la atenci\u00f3n cl\u00ednica de las personas que lo necesiten.<\/p>\n\n\n\n<p>Adem\u00e1s la encargada del vacunatorio Camila Caballero inform\u00f3 que posiblemente una vez lo autorice la provincia en la pr\u00f3ximas semanas comenzar\u00e1 la aplicaci\u00f3n de la vacunas en diferentes plazas de la ciudad, dando la oportunidad de acercar el plan de vacunaci\u00f3n contra el covid 19 a los barrios m\u00e1s necesitados y a personas que no pueden acercarse al centro de jubilados.<\/p>\n\n\n\n<p>Todavia no estan confirnmadas las fechas pero se espera que comiencen el primer fin de semana de agosto.<\/p>\n","protected":false},"excerpt":{"rendered":"<p>Desde la Secretar\u00eda de Salud y desde el vacunatorio se inform\u00f3 que en los pr\u00f3ximos d\u00edas luego de lo anunciado por el Gobernador Axel Kicilof que a partir del 30 de julio la vacunaci\u00f3n ser\u00e1 libre para todos los ciudadanos mayores de 18 a\u00f1os se realizar\u00e1n vacunaciones en diferentes plazas de la ciudad, y tambi\u00e9n [&hellip;]<\/p>\n","protected":false},"author":4,"featured_media":96471,"comment_status":"closed","ping_status":"closed","sticky":false,"template":"","format":"standard","meta":{"om_disable_all_campaigns":false,"_jetpack_memberships_contains_paid_content":false,"footnotes":""},"categories":[50,101,2],"tags":[],"class_list":["post-96470","post","type-post","status-publish","format-standard","has-post-thumbnail","hentry","category-destacadas","category-interes-general-locales","category-locales"],"aioseo_notices":[],"gutentor_comment":0,"jetpack_featured_media_url":"https:\/\/eldiariodesanpedro.com.ar\/sitio\/wp-content\/uploads\/2021\/07\/BR37RRZDU5CBPKOVCRMA2P6R6U.jpg","jetpack_shortlink":"https:\/\/wp.me\/p6RhLt-p5Y","jetpack_sharing_enabled":true,"_links":{"self":[{"href":"https:\/\/eldiariodesanpedro.com.ar\/sitio\/wp-json\/wp\/v2\/posts\/96470","targetHints":{"allow":["GET"]}}],"collection":[{"href":"https:\/\/eldiariodesanpedro.com.ar\/sitio\/wp-json\/wp\/v2\/posts"}],"about":[{"href":"https:\/\/eldiariodesanpedro.com.ar\/sitio\/wp-json\/wp\/v2\/types\/post"}],"author":[{"embeddable":true,"href":"https:\/\/eldiariodesanpedro.com.ar\/sitio\/wp-json\/wp\/v2\/users\/4"}],"replies":[{"embeddable":true,"href":"https:\/\/eldiariodesanpedro.com.ar\/sitio\/wp-json\/wp\/v2\/comments?post=96470"}],"version-history":[{"count":3,"href":"https:\/\/eldiariodesanpedro.com.ar\/sitio\/wp-json\/wp\/v2\/posts\/96470\/revisions"}],"predecessor-version":[{"id":96476,"href":"https:\/\/eldiariodesanpedro.com.ar\/sitio\/wp-json\/wp\/v2\/posts\/96470\/revisions\/96476"}],"wp:featuredmedia":[{"embeddable":true,"href":"https:\/\/eldiariodesanpedro.com.ar\/sitio\/wp-json\/wp\/v2\/media\/96471"}],"wp:attachment":[{"href":"https:\/\/eldiariodesanpedro.com.ar\/sitio\/wp-json\/wp\/v2\/media?parent=96470"}],"wp:term":[{"taxonomy":"category","embeddable":true,"href":"https:\/\/eldiariodesanpedro.com.ar\/sitio\/wp-json\/wp\/v2\/categories?post=96470"},{"taxonomy":"post_tag","embeddable":true,"href":"https:\/\/eldiariodesanpedro.com.ar\/sitio\/wp-json\/wp\/v2\/tags?post=96470"}],"curies":[{"name":"wp","href":"https:\/\/api.w.org\/{rel}","templated":true}]}}