{"id":96454,"date":"2021-07-28T09:30:12","date_gmt":"2021-07-28T12:30:12","guid":{"rendered":"https:\/\/eldiariodesanpedro.com.ar\/sitio\/?p=96454"},"modified":"2021-07-28T09:30:16","modified_gmt":"2021-07-28T12:30:16","slug":"cronograma-anses-de-pagos-para-este-miercoles","status":"publish","type":"post","link":"https:\/\/eldiariodesanpedro.com.ar\/sitio\/cronograma-anses-de-pagos-para-este-miercoles\/","title":{"rendered":"Cronograma Anses de pagos para este miercoles"},"content":{"rendered":"<!-- VideographyWP Plugin Message: Automatic video embedding prevented by plugin options. -->\n\n<p><strong>El organismo, a cargo de la Lic. Fernanda Raverta, informa que hoy se abonan jubilaciones, pensiones, Prestaci\u00f3n por Desempleo y los programas Alimentar y Repro II.<\/strong><\/p>\n\n\n\n<p><strong>Jubilaciones\u00a0y\u00a0pensiones\u00a0<\/strong><br>Las sucursales bancarias habilitadas atender\u00e1n por ventanilla a jubilados, jubiladas, pensionados y pensionadas que tengan haberes entre\u00a0<strong>25.923 pesos<\/strong>\u00a0y<strong>\u00a0155.203 pesos\u00a0<\/strong>y susdocumentos terminen en\u00a0<strong>6\u00a0<\/strong>y<strong>\u00a07<\/strong>.<\/p>\n\n\n\n<p><strong>Prestaci\u00f3n por Desempleo<\/strong><br>Hoy perciben la Prestaci\u00f3n por Desempleo las personas cuyos documentos finalicen en\u00a0<strong>6\u00a0<\/strong>y<strong>\u00a07<\/strong>.<\/p>\n\n\n\n<p><strong>Programa Alimentar<\/strong><br>En el marco del\u00a0<em>Plan Argentina contra el Hambre<\/em>\u00a0del Ministerio de Desarrollo Social, la ANSES acompa\u00f1a con el pago del programa Alimentar. Hoy cobran titulares de la AUH con hijos e hijas de 0 a 14 a\u00f1os inclusive con documentos concluidos en\u00a0<strong>8<\/strong>\u00a0y\u00a0<strong>9<\/strong>, que no poseen la tarjeta pl\u00e1stica y reciben el dinero en la misma cuenta de la prestaci\u00f3n.<\/p>\n\n\n\n<p><strong>Programa Repro II<\/strong><br><strong>Hoy se abona el pago a las y los beneficiarios del Programa de Recuperaci\u00f3n Productiva II (REPRO II) de la AFIP<\/strong>, para dar alivio econ\u00f3mico a las compa\u00f1\u00edas y al personal afectado por la ca\u00edda de la actividad debido al Covid-19.<\/p>\n","protected":false},"excerpt":{"rendered":"<p>El organismo, a cargo de la Lic. Fernanda Raverta, informa que hoy se abonan jubilaciones, pensiones, Prestaci\u00f3n por Desempleo y los programas Alimentar y Repro II. Jubilaciones\u00a0y\u00a0pensiones\u00a0Las sucursales bancarias habilitadas atender\u00e1n por ventanilla a jubilados, jubiladas, pensionados y pensionadas que tengan haberes entre\u00a025.923 pesos\u00a0y\u00a0155.203 pesos\u00a0y susdocumentos terminen en\u00a06\u00a0y\u00a07. Prestaci\u00f3n por DesempleoHoy perciben la Prestaci\u00f3n por [&hellip;]<\/p>\n","protected":false},"author":4,"featured_media":78151,"comment_status":"closed","ping_status":"closed","sticky":false,"template":"","format":"standard","meta":{"om_disable_all_campaigns":false,"_jetpack_memberships_contains_paid_content":false,"footnotes":""},"categories":[101,2],"tags":[],"class_list":["post-96454","post","type-post","status-publish","format-standard","has-post-thumbnail","hentry","category-interes-general-locales","category-locales"],"aioseo_notices":[],"gutentor_comment":0,"jetpack_featured_media_url":"https:\/\/eldiariodesanpedro.com.ar\/sitio\/wp-content\/uploads\/2020\/07\/no_r56y7yhcdxii0d4no_u1ar6zugu8hp9quanses.jpg","jetpack_shortlink":"https:\/\/wp.me\/p6RhLt-p5I","jetpack_sharing_enabled":true,"_links":{"self":[{"href":"https:\/\/eldiariodesanpedro.com.ar\/sitio\/wp-json\/wp\/v2\/posts\/96454","targetHints":{"allow":["GET"]}}],"collection":[{"href":"https:\/\/eldiariodesanpedro.com.ar\/sitio\/wp-json\/wp\/v2\/posts"}],"about":[{"href":"https:\/\/eldiariodesanpedro.com.ar\/sitio\/wp-json\/wp\/v2\/types\/post"}],"author":[{"embeddable":true,"href":"https:\/\/eldiariodesanpedro.com.ar\/sitio\/wp-json\/wp\/v2\/users\/4"}],"replies":[{"embeddable":true,"href":"https:\/\/eldiariodesanpedro.com.ar\/sitio\/wp-json\/wp\/v2\/comments?post=96454"}],"version-history":[{"count":1,"href":"https:\/\/eldiariodesanpedro.com.ar\/sitio\/wp-json\/wp\/v2\/posts\/96454\/revisions"}],"predecessor-version":[{"id":96455,"href":"https:\/\/eldiariodesanpedro.com.ar\/sitio\/wp-json\/wp\/v2\/posts\/96454\/revisions\/96455"}],"wp:featuredmedia":[{"embeddable":true,"href":"https:\/\/eldiariodesanpedro.com.ar\/sitio\/wp-json\/wp\/v2\/media\/78151"}],"wp:attachment":[{"href":"https:\/\/eldiariodesanpedro.com.ar\/sitio\/wp-json\/wp\/v2\/media?parent=96454"}],"wp:term":[{"taxonomy":"category","embeddable":true,"href":"https:\/\/eldiariodesanpedro.com.ar\/sitio\/wp-json\/wp\/v2\/categories?post=96454"},{"taxonomy":"post_tag","embeddable":true,"href":"https:\/\/eldiariodesanpedro.com.ar\/sitio\/wp-json\/wp\/v2\/tags?post=96454"}],"curies":[{"name":"wp","href":"https:\/\/api.w.org\/{rel}","templated":true}]}}