{"id":96435,"date":"2021-07-27T18:07:17","date_gmt":"2021-07-27T21:07:17","guid":{"rendered":"https:\/\/eldiariodesanpedro.com.ar\/sitio\/?p=96435"},"modified":"2021-07-27T18:07:18","modified_gmt":"2021-07-27T21:07:18","slug":"corte-programado-de-electicidad-para-manana-miercoles-en-zonas-dentro-de-la-ciudad","status":"publish","type":"post","link":"https:\/\/eldiariodesanpedro.com.ar\/sitio\/corte-programado-de-electicidad-para-manana-miercoles-en-zonas-dentro-de-la-ciudad\/","title":{"rendered":"Corte programado de electicidad para ma\u00f1ana mi\u00e9rcoles en zonas dentro de la ciudad"},"content":{"rendered":"<!-- VideographyWP Plugin Message: Automatic video embedding prevented by plugin options. -->\n\n<p>Coopser informa que ma\u00f1ana&nbsp;<strong>mi\u00e9rcoles 28 de julio&nbsp;<\/strong>se cumplir\u00e1 con un diagrama de cortes de energ\u00eda para tareas de mantenimiento de acuerdo al siguiente diagrama:<\/p>\n\n\n\n<p>Plataforma 96 de 8:00 a 10:00 hs. (aproximadamente)<br>Calle Noseda del 1900 al 2500, Calle 24 de Febrero del 2150 al 2500, Benito Urraco del 2100 al 2700 y Frers del 2300 al 2700.<\/p>\n\n\n\n<p>Plataforma 295 de 10:00 a 12:30 hs. (aproximadamente)<br>Vapor Nacional Correo del 560 al 1300, Arnaldo del 3000 al 3500, E.Est\u00e9vez (ex Calle 66) del 400 al 900, Calles 62, 62bis y 64 del 700 al 900 (Barrio Arcor).<\/p>\n\n\n\n<p><strong>En caso de lluvia se reprogramar\u00e1<\/strong><\/p>\n","protected":false},"excerpt":{"rendered":"<p>Coopser informa que ma\u00f1ana&nbsp;mi\u00e9rcoles 28 de julio&nbsp;se cumplir\u00e1 con un diagrama de cortes de energ\u00eda para tareas de mantenimiento de acuerdo al siguiente diagrama: Plataforma 96 de 8:00 a 10:00 hs. (aproximadamente)Calle Noseda del 1900 al 2500, Calle 24 de Febrero del 2150 al 2500, Benito Urraco del 2100 al 2700 y Frers del 2300 [&hellip;]<\/p>\n","protected":false},"author":4,"featured_media":96436,"comment_status":"closed","ping_status":"closed","sticky":false,"template":"","format":"standard","meta":{"om_disable_all_campaigns":false,"_jetpack_memberships_contains_paid_content":false,"footnotes":""},"categories":[101,2],"tags":[],"class_list":["post-96435","post","type-post","status-publish","format-standard","has-post-thumbnail","hentry","category-interes-general-locales","category-locales"],"aioseo_notices":[],"gutentor_comment":0,"jetpack_featured_media_url":"https:\/\/eldiariodesanpedro.com.ar\/sitio\/wp-content\/uploads\/2021\/07\/resize_1599165763.jpg","jetpack_shortlink":"https:\/\/wp.me\/p6RhLt-p5p","jetpack_sharing_enabled":true,"_links":{"self":[{"href":"https:\/\/eldiariodesanpedro.com.ar\/sitio\/wp-json\/wp\/v2\/posts\/96435","targetHints":{"allow":["GET"]}}],"collection":[{"href":"https:\/\/eldiariodesanpedro.com.ar\/sitio\/wp-json\/wp\/v2\/posts"}],"about":[{"href":"https:\/\/eldiariodesanpedro.com.ar\/sitio\/wp-json\/wp\/v2\/types\/post"}],"author":[{"embeddable":true,"href":"https:\/\/eldiariodesanpedro.com.ar\/sitio\/wp-json\/wp\/v2\/users\/4"}],"replies":[{"embeddable":true,"href":"https:\/\/eldiariodesanpedro.com.ar\/sitio\/wp-json\/wp\/v2\/comments?post=96435"}],"version-history":[{"count":1,"href":"https:\/\/eldiariodesanpedro.com.ar\/sitio\/wp-json\/wp\/v2\/posts\/96435\/revisions"}],"predecessor-version":[{"id":96437,"href":"https:\/\/eldiariodesanpedro.com.ar\/sitio\/wp-json\/wp\/v2\/posts\/96435\/revisions\/96437"}],"wp:featuredmedia":[{"embeddable":true,"href":"https:\/\/eldiariodesanpedro.com.ar\/sitio\/wp-json\/wp\/v2\/media\/96436"}],"wp:attachment":[{"href":"https:\/\/eldiariodesanpedro.com.ar\/sitio\/wp-json\/wp\/v2\/media?parent=96435"}],"wp:term":[{"taxonomy":"category","embeddable":true,"href":"https:\/\/eldiariodesanpedro.com.ar\/sitio\/wp-json\/wp\/v2\/categories?post=96435"},{"taxonomy":"post_tag","embeddable":true,"href":"https:\/\/eldiariodesanpedro.com.ar\/sitio\/wp-json\/wp\/v2\/tags?post=96435"}],"curies":[{"name":"wp","href":"https:\/\/api.w.org\/{rel}","templated":true}]}}