{"id":96425,"date":"2021-07-27T13:23:44","date_gmt":"2021-07-27T16:23:44","guid":{"rendered":"https:\/\/eldiariodesanpedro.com.ar\/sitio\/?p=96425"},"modified":"2021-07-27T13:23:48","modified_gmt":"2021-07-27T16:23:48","slug":"geriatricos-vuelven-las-visitas-en-la-provincia","status":"publish","type":"post","link":"https:\/\/eldiariodesanpedro.com.ar\/sitio\/geriatricos-vuelven-las-visitas-en-la-provincia\/","title":{"rendered":"Geri\u00e1tricos: Vuelven las visitas en la Provincia"},"content":{"rendered":"<!-- VideographyWP Plugin Message: Automatic video embedding prevented by plugin options. -->\n\n<p>El gobernador de la Provincia, Axel Kicillof, anunci\u00f3 hoy que, a partir de ma\u00f1ana, se habilitan las visitas a los geri\u00e1tricos y hogares de residencia.<\/p>\n\n\n\n<p>El<strong>\u00a0gobernador de la\u00a0Provincia\u00a0Axel Kicillof<\/strong>\u00a0anunci\u00f3 hoy que, a partir de ma\u00f1ana,\u00a0<strong>se habilitan las visitas a los\u00a0geri\u00e1tricos\u00a0y hogares bonaerenses donde sus residentes y trabajadores \u00abest\u00e9n completamente vacunados\u00bb.<\/strong><\/p>\n\n\n\n<p><strong>\u201cHabilitamos nuevamente las visitas a residentes en hogares o residencias de larga estad\u00eda<\/strong>, geri\u00e1tricos en toda la provincia de Buenos Aires\u201d, anunci\u00f3 Kicillof y remarc\u00f3 \u201cporque son para distritos en fase 3, 4, 5\u201d.<\/p>\n\n\n\n<p>Kicillof inform\u00f3 que las visitas a geri\u00e1tricos ocurrir\u00e1n a partir de ma\u00f1ana mi\u00e9rcoles.\u201dEn aquellas residencias o geri\u00e1tricos de larga estad\u00eda donde todos los residentes y trabajadores est\u00e9n vacunados es algo muy esperado porque obviamente hubo gente que no pudo tener contacto con sus mayores durante esta etapa de restricciones que nos sirvi\u00f3 para cuidarlos\u201d<\/p>\n\n\n\n<p>Adem\u00e1s el<strong>&nbsp;gobernador de Buenos Aires, Axel Kicillof<\/strong>, anunci\u00f3 que a partir de ma\u00f1ana mi\u00e9rcoles se extiende la&nbsp;<strong>vacunaci\u00f3n&nbsp;<\/strong>libre contra el coronavirus a todos los mayores de 25 a\u00f1os en la Provincia.<\/p>\n\n\n\n<p>Kicillof anunci\u00f3 la posibilidad de vacunarse sin inscripci\u00f3n previa fue informada en una rueda de prensa que ofreci\u00f3 este martes a la ma\u00f1ana en la Casa de Gobierno provincial. De esta manera, avanza la vacunaci\u00f3n a los bonaerenses en plena temporada invernal.<\/p>\n\n\n\n<p>El gobernador Axel Kicillof anunci\u00f3 que las personas mayores de 25 a\u00f1os que residen en territorio bonaerense podr\u00e1n acceder a la vacuna contra el coronavirus sin turno y con la presentaci\u00f3n del DNI desde ma\u00f1ana.<\/p>\n\n\n\n<p>\u201cA partir de ma\u00f1ana mi\u00e9rcoles hay vacuna libre para los mayores de 25 a\u00f1os\u201d, anunci\u00f3 el gobernador Axel Kicillof en gobernaci\u00f3n. Y sigui\u00f3: \u201cA partir del viernes 30 de julio todos los mayores de 18 a\u00f1os tienen vacuna libre en la provincia de Buenos Aires. Para darle alg\u00fan orden, a partir del viernes todos los y las mayores de 18 a\u00f1os, ahora de manera permanente en toda la provincia, tienen vacuna libre todos los mayores de 18\u201d.<\/p>\n\n\n\n<p>Fuente: <a href=\"https:\/\/infocielo.com\/geriatricos\/geriatricos-vuelven-las-visitas-la-provincia-n716752\">Infocielo<\/a><\/p>\n","protected":false},"excerpt":{"rendered":"<p>El gobernador de la Provincia, Axel Kicillof, anunci\u00f3 hoy que, a partir de ma\u00f1ana, se habilitan las visitas a los geri\u00e1tricos y hogares de residencia. El\u00a0gobernador de la\u00a0Provincia\u00a0Axel Kicillof\u00a0anunci\u00f3 hoy que, a partir de ma\u00f1ana,\u00a0se habilitan las visitas a los\u00a0geri\u00e1tricos\u00a0y hogares bonaerenses donde sus residentes y trabajadores \u00abest\u00e9n completamente vacunados\u00bb. \u201cHabilitamos nuevamente las visitas a [&hellip;]<\/p>\n","protected":false},"author":4,"featured_media":96426,"comment_status":"closed","ping_status":"closed","sticky":false,"template":"","format":"standard","meta":{"om_disable_all_campaigns":false,"_jetpack_memberships_contains_paid_content":false,"footnotes":""},"categories":[621],"tags":[],"class_list":["post-96425","post","type-post","status-publish","format-standard","has-post-thumbnail","hentry","category-regionales"],"aioseo_notices":[],"gutentor_comment":0,"jetpack_featured_media_url":"https:\/\/eldiariodesanpedro.com.ar\/sitio\/wp-content\/uploads\/2021\/07\/geriatricosjpg.jpg","jetpack_shortlink":"https:\/\/wp.me\/p6RhLt-p5f","jetpack_sharing_enabled":true,"_links":{"self":[{"href":"https:\/\/eldiariodesanpedro.com.ar\/sitio\/wp-json\/wp\/v2\/posts\/96425","targetHints":{"allow":["GET"]}}],"collection":[{"href":"https:\/\/eldiariodesanpedro.com.ar\/sitio\/wp-json\/wp\/v2\/posts"}],"about":[{"href":"https:\/\/eldiariodesanpedro.com.ar\/sitio\/wp-json\/wp\/v2\/types\/post"}],"author":[{"embeddable":true,"href":"https:\/\/eldiariodesanpedro.com.ar\/sitio\/wp-json\/wp\/v2\/users\/4"}],"replies":[{"embeddable":true,"href":"https:\/\/eldiariodesanpedro.com.ar\/sitio\/wp-json\/wp\/v2\/comments?post=96425"}],"version-history":[{"count":1,"href":"https:\/\/eldiariodesanpedro.com.ar\/sitio\/wp-json\/wp\/v2\/posts\/96425\/revisions"}],"predecessor-version":[{"id":96427,"href":"https:\/\/eldiariodesanpedro.com.ar\/sitio\/wp-json\/wp\/v2\/posts\/96425\/revisions\/96427"}],"wp:featuredmedia":[{"embeddable":true,"href":"https:\/\/eldiariodesanpedro.com.ar\/sitio\/wp-json\/wp\/v2\/media\/96426"}],"wp:attachment":[{"href":"https:\/\/eldiariodesanpedro.com.ar\/sitio\/wp-json\/wp\/v2\/media?parent=96425"}],"wp:term":[{"taxonomy":"category","embeddable":true,"href":"https:\/\/eldiariodesanpedro.com.ar\/sitio\/wp-json\/wp\/v2\/categories?post=96425"},{"taxonomy":"post_tag","embeddable":true,"href":"https:\/\/eldiariodesanpedro.com.ar\/sitio\/wp-json\/wp\/v2\/tags?post=96425"}],"curies":[{"name":"wp","href":"https:\/\/api.w.org\/{rel}","templated":true}]}}