{"id":96422,"date":"2021-07-27T13:19:33","date_gmt":"2021-07-27T16:19:33","guid":{"rendered":"https:\/\/eldiariodesanpedro.com.ar\/sitio\/?p=96422"},"modified":"2021-07-27T13:25:57","modified_gmt":"2021-07-27T16:25:57","slug":"clases-presenciales-vuelven-todos-los-municipios","status":"publish","type":"post","link":"https:\/\/eldiariodesanpedro.com.ar\/sitio\/clases-presenciales-vuelven-todos-los-municipios\/","title":{"rendered":"Clases presenciales: Vuelven todos los municipios"},"content":{"rendered":"<!-- VideographyWP Plugin Message: Automatic video embedding prevented by plugin options. -->\n\n<p>El jefe de Gabinete de la provincia, Carlos Bianco, anunci\u00f3 que todos los distritos vueven a tener clases presenciales en la modalidad de bubujas.<\/p>\n\n\n\n<p>Lo anunci\u00f3 el<strong>&nbsp;Jefe de Gabinete de la provincia de Buenos Aires, Carlos Bianco<\/strong>, con motivo de actualizar la situaci\u00f3n epidemiol\u00f3gica bonaerense junto al gobernador Axel Kicillof, y el ministro de Salud de la Provincia, Daniel Goll\u00e1n.<\/p>\n\n\n\n<p>\u201cEstamos haciendo una modificaci\u00f3n respecto de la clasificaci\u00f3n de los distritos. Hasta el momento lo que dice la normativa nacional es que en situaci\u00f3n de alarma se califican aquellos distritos de m\u00e1s de 300.000 habitantes\u201d, dijo Bianco y agreg\u00f3: \u201cNosotros tomamos los indicadores y los aplicamos al conjunto independientemente de su poblaci\u00f3n. Por eso ten\u00edamos hasta hoy algunos distritos en alerta epidemiol\u00f3gica\u201d.<\/p>\n\n\n\n<p>En este marco, se\u00f1al\u00f3: \u201cLo que vamos a hacer hoy es aplicar este criterio como dice naci\u00f3n. Y como&nbsp;<strong>los distritos de m\u00e1s de 300.000 habitantes no est\u00e1n en alarma epidemiol\u00f3gica, la fase 2 en la provincia de Buenos Aires deja de estar activa\u201d<\/strong>, y por eso el retorno a las clases presenciales modalidad burbuja.<\/p>\n\n\n\n<p><strong>\u201cA partir del pr\u00f3ximo lunes los 135 distritos vuelven con clases presenciales,<\/strong>&nbsp;obviamente respetando las burbujas y las definiciones del Consejo Federal de Educaci\u00f3n, con todas las normativas de cuidado que hemos implementado\u201d, aclar\u00f3 Bianco.<\/p>\n\n\n\n<p>A su turno, Goll\u00e1n remarc\u00f3 que \u201cen t\u00e9rminos generales seguimos con nueve semanas consecutivas de ca\u00eddas de casos, que sigue en forma veloz, yo dir\u00eda extraordinaria la campa\u00f1a de Vacunaci\u00f3n en nuestra provincia\u201d, y resalt\u00f3 que \u201cesta conjunci\u00f3n de medidas de cuidado, vacunaci\u00f3n y circulaci\u00f3n del virus que ha generado inmunidad es lo que explica la ca\u00edda de casos, porque evitamos todav\u00eda y en pleno invierno que ingrese la cepa delta. Hay tanto discurso incitando a qu\u00e9 esto no se cumpla que hay que reforzar la importancia de que mientras el pueblo est\u00e1 haciendo un esfuerzo muy grande para salir de esto hay algunos que todav\u00eda insisten y critican cuando tomamos medidas para que este virus no ingrese\u201d.<\/p>\n\n\n\n<p>Fuente: <a href=\"https:\/\/infocielo.com\/clases-presenciales\/clases-presenciales-vuelven-todos-los-municipios-n716742\">Infocielo<\/a><\/p>\n","protected":false},"excerpt":{"rendered":"<p>El jefe de Gabinete de la provincia, Carlos Bianco, anunci\u00f3 que todos los distritos vueven a tener clases presenciales en la modalidad de bubujas. Lo anunci\u00f3 el&nbsp;Jefe de Gabinete de la provincia de Buenos Aires, Carlos Bianco, con motivo de actualizar la situaci\u00f3n epidemiol\u00f3gica bonaerense junto al gobernador Axel Kicillof, y el ministro de Salud [&hellip;]<\/p>\n","protected":false},"author":4,"featured_media":96428,"comment_status":"closed","ping_status":"closed","sticky":false,"template":"","format":"standard","meta":{"om_disable_all_campaigns":false,"_jetpack_memberships_contains_paid_content":false,"footnotes":""},"categories":[621],"tags":[],"class_list":["post-96422","post","type-post","status-publish","format-standard","has-post-thumbnail","hentry","category-regionales"],"aioseo_notices":[],"gutentor_comment":0,"jetpack_featured_media_url":"https:\/\/eldiariodesanpedro.com.ar\/sitio\/wp-content\/uploads\/2021\/07\/clasesjpeg.jpeg","jetpack_shortlink":"https:\/\/wp.me\/p6RhLt-p5c","jetpack_sharing_enabled":true,"_links":{"self":[{"href":"https:\/\/eldiariodesanpedro.com.ar\/sitio\/wp-json\/wp\/v2\/posts\/96422","targetHints":{"allow":["GET"]}}],"collection":[{"href":"https:\/\/eldiariodesanpedro.com.ar\/sitio\/wp-json\/wp\/v2\/posts"}],"about":[{"href":"https:\/\/eldiariodesanpedro.com.ar\/sitio\/wp-json\/wp\/v2\/types\/post"}],"author":[{"embeddable":true,"href":"https:\/\/eldiariodesanpedro.com.ar\/sitio\/wp-json\/wp\/v2\/users\/4"}],"replies":[{"embeddable":true,"href":"https:\/\/eldiariodesanpedro.com.ar\/sitio\/wp-json\/wp\/v2\/comments?post=96422"}],"version-history":[{"count":2,"href":"https:\/\/eldiariodesanpedro.com.ar\/sitio\/wp-json\/wp\/v2\/posts\/96422\/revisions"}],"predecessor-version":[{"id":96429,"href":"https:\/\/eldiariodesanpedro.com.ar\/sitio\/wp-json\/wp\/v2\/posts\/96422\/revisions\/96429"}],"wp:featuredmedia":[{"embeddable":true,"href":"https:\/\/eldiariodesanpedro.com.ar\/sitio\/wp-json\/wp\/v2\/media\/96428"}],"wp:attachment":[{"href":"https:\/\/eldiariodesanpedro.com.ar\/sitio\/wp-json\/wp\/v2\/media?parent=96422"}],"wp:term":[{"taxonomy":"category","embeddable":true,"href":"https:\/\/eldiariodesanpedro.com.ar\/sitio\/wp-json\/wp\/v2\/categories?post=96422"},{"taxonomy":"post_tag","embeddable":true,"href":"https:\/\/eldiariodesanpedro.com.ar\/sitio\/wp-json\/wp\/v2\/tags?post=96422"}],"curies":[{"name":"wp","href":"https:\/\/api.w.org\/{rel}","templated":true}]}}