{"id":96416,"date":"2021-07-27T13:10:46","date_gmt":"2021-07-27T16:10:46","guid":{"rendered":"https:\/\/eldiariodesanpedro.com.ar\/sitio\/?p=96416"},"modified":"2021-07-27T13:13:50","modified_gmt":"2021-07-27T16:13:50","slug":"cambio-en-el-gabinete-manana-asume-kreplak-como-ministro-de-salud","status":"publish","type":"post","link":"https:\/\/eldiariodesanpedro.com.ar\/sitio\/cambio-en-el-gabinete-manana-asume-kreplak-como-ministro-de-salud\/","title":{"rendered":"Cambio en el gabinete: ma\u00f1ana asume Kreplak como ministro de Salud"},"content":{"rendered":"<!-- VideographyWP Plugin Message: Automatic video embedding prevented by plugin options. -->\n\n<p>\u00abDani (Gollan) se puso a la cabeza la gesti\u00f3n de la pandemia. Se hizo cargo y me prometi\u00f3 que nadie se iba a quedar sin respirador, atenci\u00f3n m\u00e9dica o cama. \u00a0Con un esfuerzo enorme y gran militancia organiz\u00f3 sistema de salud y pudimos cumplir\u201d, expres\u00f3 esta ma\u00f1ana, emocionado, el gobernador Kicillof<\/p>\n\n\n\n<p>Se sab\u00eda que iba a pasar, pero no se sab\u00eda cuando. El encargado de develar el misterio fue el propio goberrnador Kicillof, quien anuncui\u00f3 que ma\u00f1ana a las 10 de la ma\u00f1ana se llevar\u00e1 a cabo la asunci\u00f3n como ministro de Salud del actual viceministro Nicol\u00e1s Kreplak, en reemplazo del candidato a diputado Daniel Gollan (secunda en la lista a Victoria Tolosa Paz).<\/p>\n\n\n\n<p>\u00abDani se puso a la cabeza la gesti\u00f3n de la pandemia. Se hizo cargo y me prometi\u00f3 que nadie se iba a quedar sin respirador, atenci\u00f3n m\u00e9dica o cama. &nbsp;Con un esfuerzo enorme y gran militancia organiz\u00f3 sistema de salud y pudimos cumplir\u201d, expres\u00f3 emocionado Kicillof a la hora de los agradecimientos.&nbsp;<\/p>\n\n\n\n<p>Es importante se\u00f1alar que la idea del gobernador era conservar a su ministro de Salud y a gran parte de su equipo (tambi\u00e9n perder\u00e1 a la titular de la cartera de Gobierno, Teresa Garc\u00eda, que vuelve al Senado provincial). Por caso, ayer habl\u00f3 de los \u00abbemoles\u00bb del cierre de listas.<\/p>\n\n\n\n<p>\u00abTodo cierre de listas tiene sus bemoles, pero estoy orgulloso del trabajo que se termin\u00f3 y muy contento de poder empezar el proceso electoral\u00bb, expresaba Kicillof en declaraciones al canal C5N, si se quiere, dando cuenta de las pocas ganas que ten\u00eda de \u00abentregar\u00bb a Gollan.<\/p>\n\n\n\n<p>De todos modos, el casi ex ministro no se alejar\u00e1 del todo de la cuesti\u00f3n sanitaria. Si bien ya no ser\u00e1 el 1 de la administraci\u00f3n provincial, desde ma\u00f1ana, ser\u00e1 nombrado de manera honoraria como presiente del comit\u00e9 de expertos de la Provincia. \u00abNecesitamos contar con su sabidur\u00eda, experiencia y conocimiento\u00bb, continu\u00f3 el gobernador con los halagos.&nbsp;<\/p>\n\n\n\n<p>Vale recordar que Gollan, err\u00f3neamente, hab\u00eda anticipado que iba a permanecer en su puesto durante gran parte de la campa\u00f1a por las elecciones legislativas. \u00abSeguir\u00e9 trabajando en los dos frentes hasta bien cerca por lo menos de las elecciones (generales) de noviembre porque todav\u00eda se debe lidiar con la pandemia\u00bb, declaraba el fin de semana.<\/p>\n\n\n\n<p>Y hab\u00eda anticipado a su vez lo que le hab\u00eda pedido el mandatario, la alta probabilidad de ser sucedido por su actual n\u00famero 2, \u00abporque Kreplak tiene una experiencia de gesti\u00f3n impresionante. Con Nicol\u00e1s somos una sola cosa: hace a\u00f1os que venimos trabajando juntos\u00bb. Y as\u00ed ser\u00e1 nom\u00e1s. ma\u00f1anas a las 10 la el cambio de mando.<\/p>\n\n\n\n<p>Fuente: <a href=\"https:\/\/www.latecla.info\/123268-cambio-en-el-gabinete-manana-asume-kreplak-como-ministr\">La tecla<\/a><\/p>\n\n\n\n<figure class=\"wp-block-image size-large\"><img decoding=\"async\" width=\"862\" height=\"574\" data-attachment-id=\"96420\" data-permalink=\"https:\/\/eldiariodesanpedro.com.ar\/sitio\/cambio-en-el-gabinete-manana-asume-kreplak-como-ministro-de-salud\/131645_3\/\" data-orig-file=\"https:\/\/eldiariodesanpedro.com.ar\/sitio\/wp-content\/uploads\/2021\/07\/131645_3.jpg\" data-orig-size=\"862,574\" data-comments-opened=\"0\" data-image-meta=\"{&quot;aperture&quot;:&quot;0&quot;,&quot;credit&quot;:&quot;&quot;,&quot;camera&quot;:&quot;&quot;,&quot;caption&quot;:&quot;&quot;,&quot;created_timestamp&quot;:&quot;0&quot;,&quot;copyright&quot;:&quot;&quot;,&quot;focal_length&quot;:&quot;0&quot;,&quot;iso&quot;:&quot;0&quot;,&quot;shutter_speed&quot;:&quot;0&quot;,&quot;title&quot;:&quot;&quot;,&quot;orientation&quot;:&quot;0&quot;}\" data-image-title=\"131645_3\" data-image-description=\"\" data-image-caption=\"\" data-large-file=\"https:\/\/eldiariodesanpedro.com.ar\/sitio\/wp-content\/uploads\/2021\/07\/131645_3.jpg\" data-src=\"https:\/\/eldiariodesanpedro.com.ar\/sitio\/wp-content\/uploads\/2021\/07\/131645_3.jpg\" alt=\"\" class=\"wp-image-96420 lazyload\" data-srcset=\"https:\/\/eldiariodesanpedro.com.ar\/sitio\/wp-content\/uploads\/2021\/07\/131645_3.jpg 862w, https:\/\/eldiariodesanpedro.com.ar\/sitio\/wp-content\/uploads\/2021\/07\/131645_3-300x200.jpg 300w, https:\/\/eldiariodesanpedro.com.ar\/sitio\/wp-content\/uploads\/2021\/07\/131645_3-768x511.jpg 768w\" data-sizes=\"(max-width: 862px) 100vw, 862px\" src=\"data:image\/svg+xml;base64,PHN2ZyB3aWR0aD0iMSIgaGVpZ2h0PSIxIiB4bWxucz0iaHR0cDovL3d3dy53My5vcmcvMjAwMC9zdmciPjwvc3ZnPg==\" style=\"--smush-placeholder-width: 862px; --smush-placeholder-aspect-ratio: 862\/574;\" \/><\/figure>\n","protected":false},"excerpt":{"rendered":"<p>\u00abDani (Gollan) se puso a la cabeza la gesti\u00f3n de la pandemia. Se hizo cargo y me prometi\u00f3 que nadie se iba a quedar sin respirador, atenci\u00f3n m\u00e9dica o cama. \u00a0Con un esfuerzo enorme y gran militancia organiz\u00f3 sistema de salud y pudimos cumplir\u201d, expres\u00f3 esta ma\u00f1ana, emocionado, el gobernador Kicillof Se sab\u00eda que iba [&hellip;]<\/p>\n","protected":false},"author":4,"featured_media":96417,"comment_status":"closed","ping_status":"closed","sticky":false,"template":"","format":"standard","meta":{"om_disable_all_campaigns":false,"_jetpack_memberships_contains_paid_content":false,"footnotes":""},"categories":[621],"tags":[],"class_list":["post-96416","post","type-post","status-publish","format-standard","has-post-thumbnail","hentry","category-regionales"],"aioseo_notices":[],"gutentor_comment":0,"jetpack_featured_media_url":"https:\/\/eldiariodesanpedro.com.ar\/sitio\/wp-content\/uploads\/2021\/07\/131642_3.jpg","jetpack_shortlink":"https:\/\/wp.me\/p6RhLt-p56","jetpack_sharing_enabled":true,"_links":{"self":[{"href":"https:\/\/eldiariodesanpedro.com.ar\/sitio\/wp-json\/wp\/v2\/posts\/96416","targetHints":{"allow":["GET"]}}],"collection":[{"href":"https:\/\/eldiariodesanpedro.com.ar\/sitio\/wp-json\/wp\/v2\/posts"}],"about":[{"href":"https:\/\/eldiariodesanpedro.com.ar\/sitio\/wp-json\/wp\/v2\/types\/post"}],"author":[{"embeddable":true,"href":"https:\/\/eldiariodesanpedro.com.ar\/sitio\/wp-json\/wp\/v2\/users\/4"}],"replies":[{"embeddable":true,"href":"https:\/\/eldiariodesanpedro.com.ar\/sitio\/wp-json\/wp\/v2\/comments?post=96416"}],"version-history":[{"count":2,"href":"https:\/\/eldiariodesanpedro.com.ar\/sitio\/wp-json\/wp\/v2\/posts\/96416\/revisions"}],"predecessor-version":[{"id":96421,"href":"https:\/\/eldiariodesanpedro.com.ar\/sitio\/wp-json\/wp\/v2\/posts\/96416\/revisions\/96421"}],"wp:featuredmedia":[{"embeddable":true,"href":"https:\/\/eldiariodesanpedro.com.ar\/sitio\/wp-json\/wp\/v2\/media\/96417"}],"wp:attachment":[{"href":"https:\/\/eldiariodesanpedro.com.ar\/sitio\/wp-json\/wp\/v2\/media?parent=96416"}],"wp:term":[{"taxonomy":"category","embeddable":true,"href":"https:\/\/eldiariodesanpedro.com.ar\/sitio\/wp-json\/wp\/v2\/categories?post=96416"},{"taxonomy":"post_tag","embeddable":true,"href":"https:\/\/eldiariodesanpedro.com.ar\/sitio\/wp-json\/wp\/v2\/tags?post=96416"}],"curies":[{"name":"wp","href":"https:\/\/api.w.org\/{rel}","templated":true}]}}