{"id":96412,"date":"2021-07-27T12:56:42","date_gmt":"2021-07-27T15:56:42","guid":{"rendered":"https:\/\/eldiariodesanpedro.com.ar\/sitio\/?p=96412"},"modified":"2021-07-27T12:56:46","modified_gmt":"2021-07-27T15:56:46","slug":"motochorros-le-robaron-una-mochila-a-una-joven-en-violento-arrebato","status":"publish","type":"post","link":"https:\/\/eldiariodesanpedro.com.ar\/sitio\/motochorros-le-robaron-una-mochila-a-una-joven-en-violento-arrebato\/","title":{"rendered":"Motochorros le robaron una mochila a una joven en violento arrebato"},"content":{"rendered":"<!-- VideographyWP Plugin Message: Automatic video embedding prevented by plugin options. -->\n\n<p>En la jornada de ayer una mujer fue v\u00edctima de un arrebato en la v\u00eda p\u00fablica por parte de dos hombres que circulaban en moto.<\/p>\n\n\n\n<p>El il\u00edcito tuvo lugar este lunes alrededor de las 20:30 hs en Boulevard Moreno a pocos metros de calle Manuel Iglesias&nbsp; donde esta joven es sorprendida por dos delincuentes que circulaban en motocicletas quienes le arrebataron una mochila inclusive volteandola al piso provocando una lesi\u00f3n leve en la cabeza. Dentro de la mochila llevaba pertenencias como su celular, llaves y billetera.<\/p>\n\n\n\n<p>La fiscal\u00eda investiga el hecho&nbsp; y ya son varias las denuncias por robo tipo motochorros.<\/p>\n","protected":false},"excerpt":{"rendered":"<p>En la jornada de ayer una mujer fue v\u00edctima de un arrebato en la v\u00eda p\u00fablica por parte de dos hombres que circulaban en moto. El il\u00edcito tuvo lugar este lunes alrededor de las 20:30 hs en Boulevard Moreno a pocos metros de calle Manuel Iglesias&nbsp; donde esta joven es sorprendida por dos delincuentes que [&hellip;]<\/p>\n","protected":false},"author":4,"featured_media":96413,"comment_status":"closed","ping_status":"closed","sticky":false,"template":"","format":"standard","meta":{"om_disable_all_campaigns":false,"_jetpack_memberships_contains_paid_content":false,"footnotes":""},"categories":[2,103],"tags":[],"class_list":["post-96412","post","type-post","status-publish","format-standard","has-post-thumbnail","hentry","category-locales","category-policiales-locales"],"aioseo_notices":[],"gutentor_comment":0,"jetpack_featured_media_url":"https:\/\/eldiariodesanpedro.com.ar\/sitio\/wp-content\/uploads\/2021\/07\/98371_1519128544.jpg","jetpack_shortlink":"https:\/\/wp.me\/p6RhLt-p52","jetpack_sharing_enabled":true,"_links":{"self":[{"href":"https:\/\/eldiariodesanpedro.com.ar\/sitio\/wp-json\/wp\/v2\/posts\/96412","targetHints":{"allow":["GET"]}}],"collection":[{"href":"https:\/\/eldiariodesanpedro.com.ar\/sitio\/wp-json\/wp\/v2\/posts"}],"about":[{"href":"https:\/\/eldiariodesanpedro.com.ar\/sitio\/wp-json\/wp\/v2\/types\/post"}],"author":[{"embeddable":true,"href":"https:\/\/eldiariodesanpedro.com.ar\/sitio\/wp-json\/wp\/v2\/users\/4"}],"replies":[{"embeddable":true,"href":"https:\/\/eldiariodesanpedro.com.ar\/sitio\/wp-json\/wp\/v2\/comments?post=96412"}],"version-history":[{"count":1,"href":"https:\/\/eldiariodesanpedro.com.ar\/sitio\/wp-json\/wp\/v2\/posts\/96412\/revisions"}],"predecessor-version":[{"id":96414,"href":"https:\/\/eldiariodesanpedro.com.ar\/sitio\/wp-json\/wp\/v2\/posts\/96412\/revisions\/96414"}],"wp:featuredmedia":[{"embeddable":true,"href":"https:\/\/eldiariodesanpedro.com.ar\/sitio\/wp-json\/wp\/v2\/media\/96413"}],"wp:attachment":[{"href":"https:\/\/eldiariodesanpedro.com.ar\/sitio\/wp-json\/wp\/v2\/media?parent=96412"}],"wp:term":[{"taxonomy":"category","embeddable":true,"href":"https:\/\/eldiariodesanpedro.com.ar\/sitio\/wp-json\/wp\/v2\/categories?post=96412"},{"taxonomy":"post_tag","embeddable":true,"href":"https:\/\/eldiariodesanpedro.com.ar\/sitio\/wp-json\/wp\/v2\/tags?post=96412"}],"curies":[{"name":"wp","href":"https:\/\/api.w.org\/{rel}","templated":true}]}}