{"id":96409,"date":"2021-07-27T12:35:07","date_gmt":"2021-07-27T15:35:07","guid":{"rendered":"https:\/\/eldiariodesanpedro.com.ar\/sitio\/?p=96409"},"modified":"2021-07-27T12:35:12","modified_gmt":"2021-07-27T15:35:12","slug":"tres-motocicletas-secuestradas-en-operativo-anti-motochorros","status":"publish","type":"post","link":"https:\/\/eldiariodesanpedro.com.ar\/sitio\/tres-motocicletas-secuestradas-en-operativo-anti-motochorros\/","title":{"rendered":"Tres motocicletas secuestradas en operativo anti motochorros"},"content":{"rendered":"<!-- VideographyWP Plugin Message: Automatic video embedding prevented by plugin options. -->\n\n<p>En la jornada de ayer la polic\u00eda de nuestra ciudad en conjunto con el personal Municipal de la Direcci\u00f3n de Tr\u00e1nsito a cargo de Luis Caramun realizaron el secuestro de tres motocicletas a j\u00f3venes que circulaban sin papeles.<\/p>\n\n\n\n<p>Alrededor de las 21:00 horas en operativo interceptaci\u00f3n y prevenci\u00f3n de la modalidad motochorros el personal de inspecci\u00f3n de tr\u00e1nsito municipal en calle M\u00e1ximo Mill\u00e1n 1600, procede al secuestro de tres motocicletas e infraccionan a sus conductores tres masculinos de 20, 17 y 22 a\u00f1os de edad, por falta de documentaci\u00f3n habilitante para circular.&nbsp;<\/p>\n\n\n\n<p>Interviene Juzgado de Faltas San Pedro y los veh\u00edculos fueron trasladados al dep\u00f3sito municipal.<\/p>\n","protected":false},"excerpt":{"rendered":"<p>En la jornada de ayer la polic\u00eda de nuestra ciudad en conjunto con el personal Municipal de la Direcci\u00f3n de Tr\u00e1nsito a cargo de Luis Caramun realizaron el secuestro de tres motocicletas a j\u00f3venes que circulaban sin papeles. Alrededor de las 21:00 horas en operativo interceptaci\u00f3n y prevenci\u00f3n de la modalidad motochorros el personal de [&hellip;]<\/p>\n","protected":false},"author":4,"featured_media":96410,"comment_status":"closed","ping_status":"closed","sticky":false,"template":"","format":"standard","meta":{"om_disable_all_campaigns":false,"_jetpack_memberships_contains_paid_content":false,"footnotes":""},"categories":[2,103],"tags":[],"class_list":["post-96409","post","type-post","status-publish","format-standard","has-post-thumbnail","hentry","category-locales","category-policiales-locales"],"aioseo_notices":[],"gutentor_comment":0,"jetpack_featured_media_url":"https:\/\/eldiariodesanpedro.com.ar\/sitio\/wp-content\/uploads\/2021\/07\/WhatsApp-Image-2021-07-13-at-20.18.15-1.jpeg","jetpack_shortlink":"https:\/\/wp.me\/p6RhLt-p4Z","jetpack_sharing_enabled":true,"_links":{"self":[{"href":"https:\/\/eldiariodesanpedro.com.ar\/sitio\/wp-json\/wp\/v2\/posts\/96409","targetHints":{"allow":["GET"]}}],"collection":[{"href":"https:\/\/eldiariodesanpedro.com.ar\/sitio\/wp-json\/wp\/v2\/posts"}],"about":[{"href":"https:\/\/eldiariodesanpedro.com.ar\/sitio\/wp-json\/wp\/v2\/types\/post"}],"author":[{"embeddable":true,"href":"https:\/\/eldiariodesanpedro.com.ar\/sitio\/wp-json\/wp\/v2\/users\/4"}],"replies":[{"embeddable":true,"href":"https:\/\/eldiariodesanpedro.com.ar\/sitio\/wp-json\/wp\/v2\/comments?post=96409"}],"version-history":[{"count":1,"href":"https:\/\/eldiariodesanpedro.com.ar\/sitio\/wp-json\/wp\/v2\/posts\/96409\/revisions"}],"predecessor-version":[{"id":96411,"href":"https:\/\/eldiariodesanpedro.com.ar\/sitio\/wp-json\/wp\/v2\/posts\/96409\/revisions\/96411"}],"wp:featuredmedia":[{"embeddable":true,"href":"https:\/\/eldiariodesanpedro.com.ar\/sitio\/wp-json\/wp\/v2\/media\/96410"}],"wp:attachment":[{"href":"https:\/\/eldiariodesanpedro.com.ar\/sitio\/wp-json\/wp\/v2\/media?parent=96409"}],"wp:term":[{"taxonomy":"category","embeddable":true,"href":"https:\/\/eldiariodesanpedro.com.ar\/sitio\/wp-json\/wp\/v2\/categories?post=96409"},{"taxonomy":"post_tag","embeddable":true,"href":"https:\/\/eldiariodesanpedro.com.ar\/sitio\/wp-json\/wp\/v2\/tags?post=96409"}],"curies":[{"name":"wp","href":"https:\/\/api.w.org\/{rel}","templated":true}]}}