{"id":96404,"date":"2021-07-27T12:25:03","date_gmt":"2021-07-27T15:25:03","guid":{"rendered":"https:\/\/eldiariodesanpedro.com.ar\/sitio\/?p=96404"},"modified":"2021-07-27T12:59:21","modified_gmt":"2021-07-27T15:59:21","slug":"dejo-la-moto-con-la-llaves-puestas-dentro-de-un-estacionamiento-y-se-la-robaron","status":"publish","type":"post","link":"https:\/\/eldiariodesanpedro.com.ar\/sitio\/dejo-la-moto-con-la-llaves-puestas-dentro-de-un-estacionamiento-y-se-la-robaron\/","title":{"rendered":"Dej\u00f3 la moto con la llaves puestas dentro de un estacionamiento y se la robaron"},"content":{"rendered":"<!-- VideographyWP Plugin Message: Automatic video embedding prevented by plugin options. -->\n\n<p>En la jornada de ayer una mujer dej\u00f3 su motocicleta con las llaves puestas en el estacionamiento de un reconocido supermercado c\u00e9ntrico y los delincuentes se la llevaron.&nbsp;<\/p>\n\n\n\n<p>En horas de la tarde de este lunes una mujer de 69 a\u00f1os de edad radic\u00f3 una denuncia en la comisar\u00eda local tras sufrir el hurto de una motocicleta 110 cc de su propiedad. El hecho tuvo lugar dentro del estacionamiento del Supermercado Vea ubicado en calle Miguel Porta y Balcarce, cuando la v\u00edctima par\u00f3 a realizar compras en un lapso de 30 minutos dejando las llaves puestas por lo que delincuentes ignorados viendo la oportunidad deciden llevarse el rodado.<\/p>\n\n\n\n<p>La polic\u00eda realiza la correspondiente investigaci\u00f3n.<\/p>\n","protected":false},"excerpt":{"rendered":"<p>En la jornada de ayer una mujer dej\u00f3 su motocicleta con las llaves puestas en el estacionamiento de un reconocido supermercado c\u00e9ntrico y los delincuentes se la llevaron.&nbsp; En horas de la tarde de este lunes una mujer de 69 a\u00f1os de edad radic\u00f3 una denuncia en la comisar\u00eda local tras sufrir el hurto de [&hellip;]<\/p>\n","protected":false},"author":4,"featured_media":96407,"comment_status":"closed","ping_status":"closed","sticky":false,"template":"","format":"standard","meta":{"om_disable_all_campaigns":false,"_jetpack_memberships_contains_paid_content":false,"footnotes":""},"categories":[2,103],"tags":[],"class_list":["post-96404","post","type-post","status-publish","format-standard","has-post-thumbnail","hentry","category-locales","category-policiales-locales"],"aioseo_notices":[],"gutentor_comment":0,"jetpack_featured_media_url":"https:\/\/eldiariodesanpedro.com.ar\/sitio\/wp-content\/uploads\/2021\/07\/unnamed-1.jpg","jetpack_shortlink":"https:\/\/wp.me\/p6RhLt-p4U","jetpack_sharing_enabled":true,"_links":{"self":[{"href":"https:\/\/eldiariodesanpedro.com.ar\/sitio\/wp-json\/wp\/v2\/posts\/96404","targetHints":{"allow":["GET"]}}],"collection":[{"href":"https:\/\/eldiariodesanpedro.com.ar\/sitio\/wp-json\/wp\/v2\/posts"}],"about":[{"href":"https:\/\/eldiariodesanpedro.com.ar\/sitio\/wp-json\/wp\/v2\/types\/post"}],"author":[{"embeddable":true,"href":"https:\/\/eldiariodesanpedro.com.ar\/sitio\/wp-json\/wp\/v2\/users\/4"}],"replies":[{"embeddable":true,"href":"https:\/\/eldiariodesanpedro.com.ar\/sitio\/wp-json\/wp\/v2\/comments?post=96404"}],"version-history":[{"count":2,"href":"https:\/\/eldiariodesanpedro.com.ar\/sitio\/wp-json\/wp\/v2\/posts\/96404\/revisions"}],"predecessor-version":[{"id":96415,"href":"https:\/\/eldiariodesanpedro.com.ar\/sitio\/wp-json\/wp\/v2\/posts\/96404\/revisions\/96415"}],"wp:featuredmedia":[{"embeddable":true,"href":"https:\/\/eldiariodesanpedro.com.ar\/sitio\/wp-json\/wp\/v2\/media\/96407"}],"wp:attachment":[{"href":"https:\/\/eldiariodesanpedro.com.ar\/sitio\/wp-json\/wp\/v2\/media?parent=96404"}],"wp:term":[{"taxonomy":"category","embeddable":true,"href":"https:\/\/eldiariodesanpedro.com.ar\/sitio\/wp-json\/wp\/v2\/categories?post=96404"},{"taxonomy":"post_tag","embeddable":true,"href":"https:\/\/eldiariodesanpedro.com.ar\/sitio\/wp-json\/wp\/v2\/tags?post=96404"}],"curies":[{"name":"wp","href":"https:\/\/api.w.org\/{rel}","templated":true}]}}