{"id":96398,"date":"2021-07-27T11:04:14","date_gmt":"2021-07-27T14:04:14","guid":{"rendered":"https:\/\/eldiariodesanpedro.com.ar\/sitio\/?p=96398"},"modified":"2021-07-27T11:04:17","modified_gmt":"2021-07-27T14:04:17","slug":"se-recupero-una-bicicleta-que-estaba-entre-malezas-robada-dias-atras","status":"publish","type":"post","link":"https:\/\/eldiariodesanpedro.com.ar\/sitio\/se-recupero-una-bicicleta-que-estaba-entre-malezas-robada-dias-atras\/","title":{"rendered":"Se recupero una bicicleta que estaba entre malezas robada dias atras"},"content":{"rendered":"<!-- VideographyWP Plugin Message: Automatic video embedding prevented by plugin options. -->\n\n<p>El personal policial recuper\u00f3 una bicicleta que hab\u00eda sido robada d\u00edas atr\u00e1s y fue restituida a su due\u00f1o.<\/p>\n\n\n\n<p>Alrededor de las 17:30 horas el personal policial en calle R\u00f3mulo Naon y Laprida,&nbsp; procede al secuestro de una bicicleta oculta entre malezas, estableci\u00e9ndose que resultaba sustra\u00edda a femenina de 18 a\u00f1os de edad y denunciada el d\u00eda 20 del corriente mes.&nbsp;<\/p>\n\n\n\n<p>Interviene la fiscal\u00eda quien dispuso que se restituya el rodado a la propietaria, adem\u00e1s se procura la individualizaci\u00f3n del autor.<\/p>\n","protected":false},"excerpt":{"rendered":"<p>El personal policial recuper\u00f3 una bicicleta que hab\u00eda sido robada d\u00edas atr\u00e1s y fue restituida a su due\u00f1o. Alrededor de las 17:30 horas el personal policial en calle R\u00f3mulo Naon y Laprida,&nbsp; procede al secuestro de una bicicleta oculta entre malezas, estableci\u00e9ndose que resultaba sustra\u00edda a femenina de 18 a\u00f1os de edad y denunciada el [&hellip;]<\/p>\n","protected":false},"author":4,"featured_media":96402,"comment_status":"closed","ping_status":"closed","sticky":false,"template":"","format":"standard","meta":{"om_disable_all_campaigns":false,"_jetpack_memberships_contains_paid_content":false,"footnotes":""},"categories":[2,103],"tags":[],"class_list":["post-96398","post","type-post","status-publish","format-standard","has-post-thumbnail","hentry","category-locales","category-policiales-locales"],"aioseo_notices":[],"gutentor_comment":0,"jetpack_featured_media_url":"https:\/\/eldiariodesanpedro.com.ar\/sitio\/wp-content\/uploads\/2021\/07\/WhatsApp-Image-2021-07-27-at-10.52.45.jpeg","jetpack_shortlink":"https:\/\/wp.me\/p6RhLt-p4O","jetpack_sharing_enabled":true,"_links":{"self":[{"href":"https:\/\/eldiariodesanpedro.com.ar\/sitio\/wp-json\/wp\/v2\/posts\/96398","targetHints":{"allow":["GET"]}}],"collection":[{"href":"https:\/\/eldiariodesanpedro.com.ar\/sitio\/wp-json\/wp\/v2\/posts"}],"about":[{"href":"https:\/\/eldiariodesanpedro.com.ar\/sitio\/wp-json\/wp\/v2\/types\/post"}],"author":[{"embeddable":true,"href":"https:\/\/eldiariodesanpedro.com.ar\/sitio\/wp-json\/wp\/v2\/users\/4"}],"replies":[{"embeddable":true,"href":"https:\/\/eldiariodesanpedro.com.ar\/sitio\/wp-json\/wp\/v2\/comments?post=96398"}],"version-history":[{"count":1,"href":"https:\/\/eldiariodesanpedro.com.ar\/sitio\/wp-json\/wp\/v2\/posts\/96398\/revisions"}],"predecessor-version":[{"id":96399,"href":"https:\/\/eldiariodesanpedro.com.ar\/sitio\/wp-json\/wp\/v2\/posts\/96398\/revisions\/96399"}],"wp:featuredmedia":[{"embeddable":true,"href":"https:\/\/eldiariodesanpedro.com.ar\/sitio\/wp-json\/wp\/v2\/media\/96402"}],"wp:attachment":[{"href":"https:\/\/eldiariodesanpedro.com.ar\/sitio\/wp-json\/wp\/v2\/media?parent=96398"}],"wp:term":[{"taxonomy":"category","embeddable":true,"href":"https:\/\/eldiariodesanpedro.com.ar\/sitio\/wp-json\/wp\/v2\/categories?post=96398"},{"taxonomy":"post_tag","embeddable":true,"href":"https:\/\/eldiariodesanpedro.com.ar\/sitio\/wp-json\/wp\/v2\/tags?post=96398"}],"curies":[{"name":"wp","href":"https:\/\/api.w.org\/{rel}","templated":true}]}}