{"id":96396,"date":"2021-07-27T11:01:13","date_gmt":"2021-07-27T14:01:13","guid":{"rendered":"https:\/\/eldiariodesanpedro.com.ar\/sitio\/?p=96396"},"modified":"2021-07-27T11:01:18","modified_gmt":"2021-07-27T14:01:18","slug":"un-violento-aprehendido-por-golpear-a-su-ex-cunada","status":"publish","type":"post","link":"https:\/\/eldiariodesanpedro.com.ar\/sitio\/un-violento-aprehendido-por-golpear-a-su-ex-cunada\/","title":{"rendered":"Un violento aprehendido por golpear a su ex cu\u00f1ada"},"content":{"rendered":"<!-- VideographyWP Plugin Message: Automatic video embedding prevented by plugin options. -->\n\n<p>En la jornada&nbsp; de ayer la polic\u00eda tuvo que intervenir en un nuevo caso de violencia de g\u00e9nero donde otra mujer fue golpeada por un hombre.<\/p>\n\n\n\n<p>El hecho tuvo lugar en la noche de este martes alrededor de las 22:50 hs cuando el personal policial fue alertado a trav\u00e9s de un llamado al 911 por lo que un m\u00f3vil policial acudi\u00f3 a la calle Hermano Indio al 2000, donde aprehende a un masculino de 37 a\u00f1os de edad, quien momentos previos agredi\u00f3 f\u00edsicamente con golpe pu\u00f1o a ex cu\u00f1ada de 33 a\u00f1os de edad, provocando lesiones car\u00e1cter leves.&nbsp;<\/p>\n\n\n\n<p>La v\u00edctima radic\u00f3 la denuncia en la Comisar\u00eda de la Mujer y la Familia de San Pedro donde adem\u00e1s recibi\u00f3 contenci\u00f3n psicol\u00f3gica que corresponde.<\/p>\n","protected":false},"excerpt":{"rendered":"<p>En la jornada&nbsp; de ayer la polic\u00eda tuvo que intervenir en un nuevo caso de violencia de g\u00e9nero donde otra mujer fue golpeada por un hombre. El hecho tuvo lugar en la noche de este martes alrededor de las 22:50 hs cuando el personal policial fue alertado a trav\u00e9s de un llamado al 911 por [&hellip;]<\/p>\n","protected":false},"author":4,"featured_media":96401,"comment_status":"closed","ping_status":"closed","sticky":false,"template":"","format":"standard","meta":{"om_disable_all_campaigns":false,"_jetpack_memberships_contains_paid_content":false,"footnotes":""},"categories":[2,103],"tags":[],"class_list":["post-96396","post","type-post","status-publish","format-standard","has-post-thumbnail","hentry","category-locales","category-policiales-locales"],"aioseo_notices":[],"gutentor_comment":0,"jetpack_featured_media_url":"https:\/\/eldiariodesanpedro.com.ar\/sitio\/wp-content\/uploads\/2021\/07\/WhatsApp-Image-2021-07-27-at-10.51.06.jpeg","jetpack_shortlink":"https:\/\/wp.me\/p6RhLt-p4M","jetpack_sharing_enabled":true,"_links":{"self":[{"href":"https:\/\/eldiariodesanpedro.com.ar\/sitio\/wp-json\/wp\/v2\/posts\/96396","targetHints":{"allow":["GET"]}}],"collection":[{"href":"https:\/\/eldiariodesanpedro.com.ar\/sitio\/wp-json\/wp\/v2\/posts"}],"about":[{"href":"https:\/\/eldiariodesanpedro.com.ar\/sitio\/wp-json\/wp\/v2\/types\/post"}],"author":[{"embeddable":true,"href":"https:\/\/eldiariodesanpedro.com.ar\/sitio\/wp-json\/wp\/v2\/users\/4"}],"replies":[{"embeddable":true,"href":"https:\/\/eldiariodesanpedro.com.ar\/sitio\/wp-json\/wp\/v2\/comments?post=96396"}],"version-history":[{"count":1,"href":"https:\/\/eldiariodesanpedro.com.ar\/sitio\/wp-json\/wp\/v2\/posts\/96396\/revisions"}],"predecessor-version":[{"id":96397,"href":"https:\/\/eldiariodesanpedro.com.ar\/sitio\/wp-json\/wp\/v2\/posts\/96396\/revisions\/96397"}],"wp:featuredmedia":[{"embeddable":true,"href":"https:\/\/eldiariodesanpedro.com.ar\/sitio\/wp-json\/wp\/v2\/media\/96401"}],"wp:attachment":[{"href":"https:\/\/eldiariodesanpedro.com.ar\/sitio\/wp-json\/wp\/v2\/media?parent=96396"}],"wp:term":[{"taxonomy":"category","embeddable":true,"href":"https:\/\/eldiariodesanpedro.com.ar\/sitio\/wp-json\/wp\/v2\/categories?post=96396"},{"taxonomy":"post_tag","embeddable":true,"href":"https:\/\/eldiariodesanpedro.com.ar\/sitio\/wp-json\/wp\/v2\/tags?post=96396"}],"curies":[{"name":"wp","href":"https:\/\/api.w.org\/{rel}","templated":true}]}}