{"id":96389,"date":"2021-07-27T10:34:55","date_gmt":"2021-07-27T13:34:55","guid":{"rendered":"https:\/\/eldiariodesanpedro.com.ar\/sitio\/?p=96389"},"modified":"2021-07-27T10:35:00","modified_gmt":"2021-07-27T13:35:00","slug":"descubren-en-san-pedro-semillas-de-cinco-mil-anos-de-antiguedad","status":"publish","type":"post","link":"https:\/\/eldiariodesanpedro.com.ar\/sitio\/descubren-en-san-pedro-semillas-de-cinco-mil-anos-de-antiguedad\/","title":{"rendered":"Descubren en San Pedro semillas de cinco mil a\u00f1os de antig\u00fcedad"},"content":{"rendered":"<!-- VideographyWP Plugin Message: Automatic video embedding prevented by plugin options. -->\n\n<p>El equipo del <strong>Museo Paleontol\u00f3gico de San Pedro<\/strong> hall\u00f3 <strong>un conjunto de semillas, espinas y fragmentos de ramas y corteza de \u00e1rboles y arbustos<\/strong> pertenecientes a plantas nativas que habitaban en las barrancas al norte de Buenos Aires hace unos <strong>cinco mil a\u00f1os<\/strong>, cuando se produjo el \u00faltimo ingreso del mar a la regi\u00f3n.<\/p>\n\n\n\n<p>Integrantes del Museo de San Pedro encontraron semillas, restos de ramas y fragmentos de maderas de cinco mil a\u00f1os de antig\u00fcedad en <strong>Campo Sp\u00f3sito<\/strong>, una zona fosil\u00edfera a unos 10 kil\u00f3metros al Este de la ciudad de San Pedro, en un sector de humedales ubicados al pie de las barrancas.<\/p>\n\n\n\n<p>El director del Museo Paleontol\u00f3gico de San Pedro, <strong>Jos\u00e9 Luis Aguilar<\/strong>, indic\u00f3: \u201c<em>Descubrimos este conjunto de elementos vegetales mientras muestre\u00e1bamos sedimentos depositados durante la ingresi\u00f3n marina del Holoceno, un acontecimiento que ocurri\u00f3 entre cinco mil a tres mil a\u00f1os atr\u00e1s<\/em>\u201d.<\/p>\n\n\n\n<p>Luego de minuciosas tareas de limpieza efectuadas a dichos sedimentos, las muestras fueron observadas a trav\u00e9s de lupas especiales y bajo condiciones de luminosidad particulares que permitieron la detecci\u00f3n de varias semillas, dos espinas, peque\u00f1as ramificaciones y numerosos fragmentos de corteza de \u00e1rboles y arbustos.<\/p>\n\n\n\n<p>\u201c<em>Despu\u00e9s de separar los restos de moluscos y peces, pensamos en profundizar las observaciones y ver si logr\u00e1bamos dar con elementos menos notorios entre el c\u00famulo de material que est\u00e1bamos analizando. As\u00ed, entre caracoles rotos, pedregullo, arena y fragmentos de huesos, fueron apareciendo las diferentes semillas junto a restos de ramificaciones y maderas<\/em>\u201d, describi\u00f3 Jos\u00e9 Aguilar.<\/p>\n\n\n\n<p>\u201c<em>A partir de la observaci\u00f3n de estos materiales, consideramos que el mayor n\u00famero de semillas encontradas podr\u00edan ser de <strong>algarrobo<\/strong>, m\u00e1s espec\u00edficamente de las especies <strong>Prosopis nigra<\/strong> o <strong>Prosopis alba<\/strong>. En tanto, dos de las semillas son similares a las del g\u00e9nero <strong>Parkinsonia<\/strong> (<strong>cina-cina<\/strong>) y una, de forma esf\u00e9rica, podr\u00eda corresponderse con el g\u00e9nero <strong>Schinus<\/strong> (<strong>molle<\/strong>).<\/em><\/p>\n\n\n\n<p><em>En tanto, el par de espinas agudas, bien conservadas, pertenecer\u00edan al g\u00e9nero <strong>Mimosa<\/strong> (<strong>mimosa o carpinchera<\/strong>), un arbusto que hoy habita ciertos sectores h\u00famedos de la regi\u00f3n pampeana<\/em>\u201d, se\u00f1alan desde el Museo de San Pedro.<\/p>\n\n\n\n<p>\u201c<em>Resulta curioso si relacionamos la antig\u00fcedad de estas semillas con la historia del hombre. Mientras estas peque\u00f1as piezas ca\u00edan de aquellas plantas, los humanos comenz\u00e1bamos a desarrollar el pulido de piedras, la alfarer\u00eda y los primeros tejidos. La agricultura comenzaba a practicarse en el valle del Nilo y en algunos lugares de Am\u00e9rica. En Ir\u00e1n, Irak y Siria aparec\u00edan los primeros objetos de cobre martillado<\/em>\u201d, relat\u00f3 Aguilar.<\/p>\n\n\n\n<p>El <strong>Dr.<\/strong> <strong>Leandro Mart\u00ednez<\/strong>, Investigador Adjunto de <strong>CONICET<\/strong> y miembro del <strong>Instituto de Bot\u00e1nica Darwinion<\/strong>, destac\u00f3 la importancia de este hallazgo: \u201c<em>Se sabe que la distribuci\u00f3n de las especies vegetales es un proceso din\u00e1mico y que, a su vez, las plantas son organismos sensibles ante los cambios en la geolog\u00eda, clima y fauna. De esta forma, nos proporcionan una excelente fuente de informaci\u00f3n sobre los diversos sucesos que acontecieron en el pasado. Por lo tanto, es notable este hallazgo realizado por el Museo de San Pedro<\/em>\u201d.<\/p>\n\n\n\n<p>\u201c<em>De manera preliminar, podemos inferir que la presencia de dep\u00f3sitos sedimentarios con abundantes restos de materia vegetal en buen estado de preservaci\u00f3n nos sugiere que el \u00e1rea de donde provienen estos restos fue relativamente cercana<\/em>\u201d, observ\u00f3 Mart\u00ednez.<\/p>\n\n\n\n<p>Seg\u00fan el bot\u00e1nico, este hallazgo permite reconstruir parcialmente la vegetaci\u00f3n aleda\u00f1a al l\u00edmite de costa durante ese per\u00edodo de tiempo: \u201c<em>La presencia de semillas de leguminosas (Prosopis sp. y Parkinsonia sp.) y anacardi\u00e1ceas (Schinus sp.) son elementos propios de las selvas en galer\u00edas, es decir, bosques vinculados al curso\u00a0 de un r\u00edo; o tambi\u00e9n pueden ser parte de un mosaico vegetacional dentro de los bosques subtropicales desarrollados bajo un clima subtropical h\u00famedo y estacionalmente seco<\/em>\u201d.<\/p>\n\n\n\n<p>Como pr\u00f3ximo paso, los investigadores proceder\u00e1n a determinar a qu\u00e9 especie pertenecen la totalidad de las semillas y maderas encontradas, lo cual permitir\u00e1 hacer una reconstrucci\u00f3n m\u00e1s precisa de los ecosistemas prehist\u00f3ricos del norte de la provincia de Buenos Aires.<\/p>\n\n\n\n<figure class=\"wp-block-image size-large\"><img decoding=\"async\" width=\"1024\" height=\"576\" data-attachment-id=\"96393\" data-permalink=\"https:\/\/eldiariodesanpedro.com.ar\/sitio\/descubren-en-san-pedro-semillas-de-cinco-mil-anos-de-antiguedad\/img_20210719_154527_983\/\" data-orig-file=\"https:\/\/eldiariodesanpedro.com.ar\/sitio\/wp-content\/uploads\/2021\/07\/IMG_20210719_154527_983-scaled.jpg\" data-orig-size=\"2560,1440\" data-comments-opened=\"0\" data-image-meta=\"{&quot;aperture&quot;:&quot;2&quot;,&quot;credit&quot;:&quot;&quot;,&quot;camera&quot;:&quot;LG-X230&quot;,&quot;caption&quot;:&quot;&quot;,&quot;created_timestamp&quot;:&quot;1626709450&quot;,&quot;copyright&quot;:&quot;&quot;,&quot;focal_length&quot;:&quot;3.5&quot;,&quot;iso&quot;:&quot;301&quot;,&quot;shutter_speed&quot;:&quot;0.066662&quot;,&quot;title&quot;:&quot;&quot;,&quot;orientation&quot;:&quot;1&quot;}\" data-image-title=\"IMG_20210719_154527_983\" data-image-description=\"\" data-image-caption=\"\" data-large-file=\"https:\/\/eldiariodesanpedro.com.ar\/sitio\/wp-content\/uploads\/2021\/07\/IMG_20210719_154527_983-1024x576.jpg\" data-src=\"https:\/\/eldiariodesanpedro.com.ar\/sitio\/wp-content\/uploads\/2021\/07\/IMG_20210719_154527_983-1024x576.jpg\" alt=\"\" class=\"wp-image-96393 lazyload\" data-srcset=\"https:\/\/eldiariodesanpedro.com.ar\/sitio\/wp-content\/uploads\/2021\/07\/IMG_20210719_154527_983-1024x576.jpg 1024w, https:\/\/eldiariodesanpedro.com.ar\/sitio\/wp-content\/uploads\/2021\/07\/IMG_20210719_154527_983-300x169.jpg 300w, https:\/\/eldiariodesanpedro.com.ar\/sitio\/wp-content\/uploads\/2021\/07\/IMG_20210719_154527_983-768x432.jpg 768w, https:\/\/eldiariodesanpedro.com.ar\/sitio\/wp-content\/uploads\/2021\/07\/IMG_20210719_154527_983-1536x864.jpg 1536w, https:\/\/eldiariodesanpedro.com.ar\/sitio\/wp-content\/uploads\/2021\/07\/IMG_20210719_154527_983-2048x1152.jpg 2048w, https:\/\/eldiariodesanpedro.com.ar\/sitio\/wp-content\/uploads\/2021\/07\/IMG_20210719_154527_983-800x450.jpg 800w\" data-sizes=\"(max-width: 1024px) 100vw, 1024px\" src=\"data:image\/svg+xml;base64,PHN2ZyB3aWR0aD0iMSIgaGVpZ2h0PSIxIiB4bWxucz0iaHR0cDovL3d3dy53My5vcmcvMjAwMC9zdmciPjwvc3ZnPg==\" style=\"--smush-placeholder-width: 1024px; --smush-placeholder-aspect-ratio: 1024\/576;\" \/><\/figure>\n\n\n\n<figure class=\"wp-block-image size-large\"><img decoding=\"async\" width=\"768\" height=\"1024\" data-attachment-id=\"96394\" data-permalink=\"https:\/\/eldiariodesanpedro.com.ar\/sitio\/descubren-en-san-pedro-semillas-de-cinco-mil-anos-de-antiguedad\/img_20210719_152028421\/\" data-orig-file=\"https:\/\/eldiariodesanpedro.com.ar\/sitio\/wp-content\/uploads\/2021\/07\/IMG_20210719_152028421-rotated.jpg\" data-orig-size=\"1200,1600\" data-comments-opened=\"0\" data-image-meta=\"{&quot;aperture&quot;:&quot;2.4&quot;,&quot;credit&quot;:&quot;&quot;,&quot;camera&quot;:&quot;moto g(30)&quot;,&quot;caption&quot;:&quot;&quot;,&quot;created_timestamp&quot;:&quot;1626708028&quot;,&quot;copyright&quot;:&quot;&quot;,&quot;focal_length&quot;:&quot;1.93&quot;,&quot;iso&quot;:&quot;192&quot;,&quot;shutter_speed&quot;:&quot;0.02&quot;,&quot;title&quot;:&quot;&quot;,&quot;orientation&quot;:&quot;1&quot;}\" data-image-title=\"IMG_20210719_152028421\" data-image-description=\"\" data-image-caption=\"\" data-large-file=\"https:\/\/eldiariodesanpedro.com.ar\/sitio\/wp-content\/uploads\/2021\/07\/IMG_20210719_152028421-768x1024.jpg\" data-src=\"https:\/\/eldiariodesanpedro.com.ar\/sitio\/wp-content\/uploads\/2021\/07\/IMG_20210719_152028421-768x1024.jpg\" alt=\"\" class=\"wp-image-96394 lazyload\" data-srcset=\"https:\/\/eldiariodesanpedro.com.ar\/sitio\/wp-content\/uploads\/2021\/07\/IMG_20210719_152028421-768x1024.jpg 768w, https:\/\/eldiariodesanpedro.com.ar\/sitio\/wp-content\/uploads\/2021\/07\/IMG_20210719_152028421-225x300.jpg 225w, https:\/\/eldiariodesanpedro.com.ar\/sitio\/wp-content\/uploads\/2021\/07\/IMG_20210719_152028421-1152x1536.jpg 1152w, https:\/\/eldiariodesanpedro.com.ar\/sitio\/wp-content\/uploads\/2021\/07\/IMG_20210719_152028421-rotated.jpg 1200w\" data-sizes=\"(max-width: 768px) 100vw, 768px\" src=\"data:image\/svg+xml;base64,PHN2ZyB3aWR0aD0iMSIgaGVpZ2h0PSIxIiB4bWxucz0iaHR0cDovL3d3dy53My5vcmcvMjAwMC9zdmciPjwvc3ZnPg==\" style=\"--smush-placeholder-width: 768px; --smush-placeholder-aspect-ratio: 768\/1024;\" \/><\/figure>\n\n\n\n<figure class=\"wp-block-image size-large\"><img decoding=\"async\" width=\"576\" height=\"1024\" data-attachment-id=\"96391\" data-permalink=\"https:\/\/eldiariodesanpedro.com.ar\/sitio\/descubren-en-san-pedro-semillas-de-cinco-mil-anos-de-antiguedad\/img_20210609_233745_797\/\" data-orig-file=\"https:\/\/eldiariodesanpedro.com.ar\/sitio\/wp-content\/uploads\/2021\/07\/IMG_20210609_233745_797-scaled.jpg\" data-orig-size=\"1440,2560\" data-comments-opened=\"0\" data-image-meta=\"{&quot;aperture&quot;:&quot;2&quot;,&quot;credit&quot;:&quot;&quot;,&quot;camera&quot;:&quot;LG-X230&quot;,&quot;caption&quot;:&quot;&quot;,&quot;created_timestamp&quot;:&quot;1623281473&quot;,&quot;copyright&quot;:&quot;&quot;,&quot;focal_length&quot;:&quot;3.5&quot;,&quot;iso&quot;:&quot;140&quot;,&quot;shutter_speed&quot;:&quot;0.020005&quot;,&quot;title&quot;:&quot;&quot;,&quot;orientation&quot;:&quot;1&quot;}\" data-image-title=\"IMG_20210609_233745_797\" data-image-description=\"\" data-image-caption=\"\" data-large-file=\"https:\/\/eldiariodesanpedro.com.ar\/sitio\/wp-content\/uploads\/2021\/07\/IMG_20210609_233745_797-576x1024.jpg\" data-src=\"https:\/\/eldiariodesanpedro.com.ar\/sitio\/wp-content\/uploads\/2021\/07\/IMG_20210609_233745_797-576x1024.jpg\" alt=\"\" class=\"wp-image-96391 lazyload\" data-srcset=\"https:\/\/eldiariodesanpedro.com.ar\/sitio\/wp-content\/uploads\/2021\/07\/IMG_20210609_233745_797-576x1024.jpg 576w, https:\/\/eldiariodesanpedro.com.ar\/sitio\/wp-content\/uploads\/2021\/07\/IMG_20210609_233745_797-169x300.jpg 169w, https:\/\/eldiariodesanpedro.com.ar\/sitio\/wp-content\/uploads\/2021\/07\/IMG_20210609_233745_797-768x1365.jpg 768w, https:\/\/eldiariodesanpedro.com.ar\/sitio\/wp-content\/uploads\/2021\/07\/IMG_20210609_233745_797-864x1536.jpg 864w, https:\/\/eldiariodesanpedro.com.ar\/sitio\/wp-content\/uploads\/2021\/07\/IMG_20210609_233745_797-1152x2048.jpg 1152w, https:\/\/eldiariodesanpedro.com.ar\/sitio\/wp-content\/uploads\/2021\/07\/IMG_20210609_233745_797-scaled.jpg 1440w\" data-sizes=\"(max-width: 576px) 100vw, 576px\" src=\"data:image\/svg+xml;base64,PHN2ZyB3aWR0aD0iMSIgaGVpZ2h0PSIxIiB4bWxucz0iaHR0cDovL3d3dy53My5vcmcvMjAwMC9zdmciPjwvc3ZnPg==\" style=\"--smush-placeholder-width: 576px; --smush-placeholder-aspect-ratio: 576\/1024;\" \/><\/figure>\n","protected":false},"excerpt":{"rendered":"<p>El equipo del Museo Paleontol\u00f3gico de San Pedro hall\u00f3 un conjunto de semillas, espinas y fragmentos de ramas y corteza de \u00e1rboles y arbustos pertenecientes a plantas nativas que habitaban en las barrancas al norte de Buenos Aires hace unos cinco mil a\u00f1os, cuando se produjo el \u00faltimo ingreso del mar a la regi\u00f3n. Integrantes [&hellip;]<\/p>\n","protected":false},"author":4,"featured_media":96390,"comment_status":"closed","ping_status":"closed","sticky":false,"template":"","format":"standard","meta":{"om_disable_all_campaigns":false,"_jetpack_memberships_contains_paid_content":false,"footnotes":""},"categories":[101,2],"tags":[],"class_list":["post-96389","post","type-post","status-publish","format-standard","has-post-thumbnail","hentry","category-interes-general-locales","category-locales"],"aioseo_notices":[],"gutentor_comment":0,"jetpack_featured_media_url":"https:\/\/eldiariodesanpedro.com.ar\/sitio\/wp-content\/uploads\/2021\/07\/20210628_135040-scaled.jpg","jetpack_shortlink":"https:\/\/wp.me\/p6RhLt-p4F","jetpack_sharing_enabled":true,"_links":{"self":[{"href":"https:\/\/eldiariodesanpedro.com.ar\/sitio\/wp-json\/wp\/v2\/posts\/96389","targetHints":{"allow":["GET"]}}],"collection":[{"href":"https:\/\/eldiariodesanpedro.com.ar\/sitio\/wp-json\/wp\/v2\/posts"}],"about":[{"href":"https:\/\/eldiariodesanpedro.com.ar\/sitio\/wp-json\/wp\/v2\/types\/post"}],"author":[{"embeddable":true,"href":"https:\/\/eldiariodesanpedro.com.ar\/sitio\/wp-json\/wp\/v2\/users\/4"}],"replies":[{"embeddable":true,"href":"https:\/\/eldiariodesanpedro.com.ar\/sitio\/wp-json\/wp\/v2\/comments?post=96389"}],"version-history":[{"count":1,"href":"https:\/\/eldiariodesanpedro.com.ar\/sitio\/wp-json\/wp\/v2\/posts\/96389\/revisions"}],"predecessor-version":[{"id":96395,"href":"https:\/\/eldiariodesanpedro.com.ar\/sitio\/wp-json\/wp\/v2\/posts\/96389\/revisions\/96395"}],"wp:featuredmedia":[{"embeddable":true,"href":"https:\/\/eldiariodesanpedro.com.ar\/sitio\/wp-json\/wp\/v2\/media\/96390"}],"wp:attachment":[{"href":"https:\/\/eldiariodesanpedro.com.ar\/sitio\/wp-json\/wp\/v2\/media?parent=96389"}],"wp:term":[{"taxonomy":"category","embeddable":true,"href":"https:\/\/eldiariodesanpedro.com.ar\/sitio\/wp-json\/wp\/v2\/categories?post=96389"},{"taxonomy":"post_tag","embeddable":true,"href":"https:\/\/eldiariodesanpedro.com.ar\/sitio\/wp-json\/wp\/v2\/tags?post=96389"}],"curies":[{"name":"wp","href":"https:\/\/api.w.org\/{rel}","templated":true}]}}