{"id":96387,"date":"2021-07-27T10:24:40","date_gmt":"2021-07-27T13:24:40","guid":{"rendered":"https:\/\/eldiariodesanpedro.com.ar\/sitio\/?p=96387"},"modified":"2021-07-27T12:18:40","modified_gmt":"2021-07-27T15:18:40","slug":"manana-vacunacion-libre-para-mayores-de-25-anos-y-desde-el-viernes-todos-los-mayore-de-18-anos","status":"publish","type":"post","link":"https:\/\/eldiariodesanpedro.com.ar\/sitio\/manana-vacunacion-libre-para-mayores-de-25-anos-y-desde-el-viernes-todos-los-mayore-de-18-anos\/","title":{"rendered":"Ma\u00f1ana \u00abvacunacion libre\u00bb para mayores de 25 a\u00f1os y desde el viernes todos los mayore de 18 a\u00f1os"},"content":{"rendered":"<!-- VideographyWP Plugin Message: Automatic video embedding prevented by plugin options. -->\n\n<p>El gobernador de la provincia de Buenos Aires Axel Kicolof anucio que a partir de ma\u00f1ana en los vacunatorios de la provincia los mayor de 25 a\u00f1os y desde el viernes toda la poblacion mayor de 18 a\u00f1os de edad se podra vacunar libremente por orden de llegada.<\/p>\n\n\n\n<p>Tambien el gobernador aseguro que a partir del 1\u00ba de agosto la provincia pasara a ser provincia protegidapor el gran porcentaje de personas vacunadas en la ciudad.<\/p>\n\n\n\n<p>Kicillof anunci\u00f3 la posibilidad de vacunarse sin inscripci\u00f3n previa fue informada en una rueda de prensa que ofreci\u00f3 este martes a la ma\u00f1ana en la Casa de Gobierno provincial. De esta manera, avanza la vacunaci\u00f3n a los bonaerenses en plena temporada invernal.<\/p>\n\n\n\n<p><strong>El gobernador Axel Kicillof anunci\u00f3 que las personas mayores de 25 a\u00f1os que residen en territorio bonaerense podr\u00e1n acceder a la vacuna contra el coronavirus sin turno&nbsp;<\/strong>y con la presentaci\u00f3n del DNI desde ma\u00f1ana.<\/p>\n\n\n\n<p><strong>\u201cA partir de ma\u00f1ana mi\u00e9rcoles hay vacuna libre para los mayores de 25 a\u00f1os\u201d,\u00a0<\/strong>anunci\u00f3 el gobernador Axel Kicillof en gobernaci\u00f3n. Y sigui\u00f3: \u201cA partir del viernes 30 de julio todos los mayores de 18 a\u00f1os tienen vacuna libre en la provincia de Buenos Aires. Para darle alg\u00fan orden, a partir del viernes todos los y las mayores de 18 a\u00f1os,\u00a0<strong>ahora de manera permanente en toda la provincia, tienen vacuna libre todos los mayores de 18\u201d.<\/strong><\/p>\n\n\n\n<p>\u201cTenemos un muy alto nivel de inscripci\u00f3n y de cumplimiento de la vacunaci\u00f3n. Por lo tanto estimamos que el primer d\u00eda de agosto nuestra provincia va a ser una provincia protegida en todos sus distritos, con m\u00e1s del 95% de los inscriptos vacunados en todos los segmentos etarios y pasar al esquema de vacuna libre\u201d, inform\u00f3 Axel Kicillof.<\/p>\n\n\n\n<p>Asimismo, Axel Kicillof ponder\u00f3 que&nbsp;<strong>\u201ces un hito que hace alg\u00fan tiempo era inimaginable y frustrante<\/strong>&nbsp;para quienes apostaron que no funcionara, y que los mayores de 18 a\u00f1os a 60 segun la tapa de un diario se iban a vacunar el a\u00f1o que viene (risas)\u201d, y agreg\u00f3: \u201cLa provincia de convertir\u00e1 en protegida obviamente 21 das despu\u00e9s de la primeras dosis\u201d.<\/p>\n\n\n\n<p>Por \u00faltimo, reafirm\u00f3 Axel Kicillof: \u201cEs un hito muy grande. Es alt\u00edsimo el nivel de inscripci\u00f3n con respecto a la poblaci\u00f3n y tambi\u00e9n el nivel de vacunaci\u00f3n con respecto a los inscriptos\u201d.<\/p>\n","protected":false},"excerpt":{"rendered":"<p>El gobernador de la provincia de Buenos Aires Axel Kicolof anucio que a partir de ma\u00f1ana en los vacunatorios de la provincia los mayor de 25 a\u00f1os y desde el viernes toda la poblacion mayor de 18 a\u00f1os de edad se podra vacunar libremente por orden de llegada. Tambien el gobernador aseguro que a partir [&hellip;]<\/p>\n","protected":false},"author":4,"featured_media":95314,"comment_status":"closed","ping_status":"closed","sticky":false,"template":"","format":"standard","meta":{"om_disable_all_campaigns":false,"_jetpack_memberships_contains_paid_content":false,"footnotes":""},"categories":[50,101,2],"tags":[],"class_list":["post-96387","post","type-post","status-publish","format-standard","has-post-thumbnail","hentry","category-destacadas","category-interes-general-locales","category-locales"],"aioseo_notices":[],"gutentor_comment":0,"jetpack_featured_media_url":"https:\/\/eldiariodesanpedro.com.ar\/sitio\/wp-content\/uploads\/2021\/07\/vacunate.jpeg","jetpack_shortlink":"https:\/\/wp.me\/p6RhLt-p4D","jetpack_sharing_enabled":true,"_links":{"self":[{"href":"https:\/\/eldiariodesanpedro.com.ar\/sitio\/wp-json\/wp\/v2\/posts\/96387","targetHints":{"allow":["GET"]}}],"collection":[{"href":"https:\/\/eldiariodesanpedro.com.ar\/sitio\/wp-json\/wp\/v2\/posts"}],"about":[{"href":"https:\/\/eldiariodesanpedro.com.ar\/sitio\/wp-json\/wp\/v2\/types\/post"}],"author":[{"embeddable":true,"href":"https:\/\/eldiariodesanpedro.com.ar\/sitio\/wp-json\/wp\/v2\/users\/4"}],"replies":[{"embeddable":true,"href":"https:\/\/eldiariodesanpedro.com.ar\/sitio\/wp-json\/wp\/v2\/comments?post=96387"}],"version-history":[{"count":2,"href":"https:\/\/eldiariodesanpedro.com.ar\/sitio\/wp-json\/wp\/v2\/posts\/96387\/revisions"}],"predecessor-version":[{"id":96406,"href":"https:\/\/eldiariodesanpedro.com.ar\/sitio\/wp-json\/wp\/v2\/posts\/96387\/revisions\/96406"}],"wp:featuredmedia":[{"embeddable":true,"href":"https:\/\/eldiariodesanpedro.com.ar\/sitio\/wp-json\/wp\/v2\/media\/95314"}],"wp:attachment":[{"href":"https:\/\/eldiariodesanpedro.com.ar\/sitio\/wp-json\/wp\/v2\/media?parent=96387"}],"wp:term":[{"taxonomy":"category","embeddable":true,"href":"https:\/\/eldiariodesanpedro.com.ar\/sitio\/wp-json\/wp\/v2\/categories?post=96387"},{"taxonomy":"post_tag","embeddable":true,"href":"https:\/\/eldiariodesanpedro.com.ar\/sitio\/wp-json\/wp\/v2\/tags?post=96387"}],"curies":[{"name":"wp","href":"https:\/\/api.w.org\/{rel}","templated":true}]}}