{"id":96378,"date":"2021-07-26T20:43:48","date_gmt":"2021-07-26T23:43:48","guid":{"rendered":"https:\/\/eldiariodesanpedro.com.ar\/sitio\/?p=96378"},"modified":"2021-07-26T20:43:52","modified_gmt":"2021-07-26T23:43:52","slug":"asamblea-ordinaria-clinica-san-pedro-sa","status":"publish","type":"post","link":"https:\/\/eldiariodesanpedro.com.ar\/sitio\/asamblea-ordinaria-clinica-san-pedro-sa\/","title":{"rendered":"Asamblea Ordinaria Cl\u00ednica San Pedro SA"},"content":{"rendered":"<!-- VideographyWP Plugin Message: Automatic video embedding prevented by plugin options. -->\n\n<p>CONVOCATORIA A ASAMBLEA ORDINARIA<\/p>\n\n\n\n<p>Cl\u00ednica Privada San Pedro SA<\/p>\n\n\n\n<p>Convocase a los accionistas de Cl\u00ednica Privada San Pedro S.A. a la Asamblea ordinaria en los t\u00e9rminos del art 236 LSC. La misma tendr\u00e1 lugar el 15\/08\/2021 a las 10 hs. en la sede de Belgrano 505, San Pedro, Buenos Aires. En caso de qu\u00f3rum insuficiente la Asamblea se constituir\u00e1 en segunda convocatoria el 15\/08\/2021&nbsp; 11 hs. en el mismo lugar.<\/p>\n\n\n\n<p><strong>Orden del D\u00eda<\/strong>:<br>1.-Designaci\u00f3n de dos accionistas para firmar el acta,<br>2.- Designaci\u00f3n de nuevas autoridades y\/o\u00a0 ratificaci\u00f3n de las designadas el 19\/8. Sociedad no comprendida art. 299, ley 19550.<\/p>\n\n\n\n<p>San Pedro, 22 de julio de 2021.<\/p>\n\n\n\n<p>Fdo. El Directorio. Nelson Suarez Irala &#8211; Presidente.<\/p>\n","protected":false},"excerpt":{"rendered":"<p>CONVOCATORIA A ASAMBLEA ORDINARIA Cl\u00ednica Privada San Pedro SA Convocase a los accionistas de Cl\u00ednica Privada San Pedro S.A. a la Asamblea ordinaria en los t\u00e9rminos del art 236 LSC. La misma tendr\u00e1 lugar el 15\/08\/2021 a las 10 hs. en la sede de Belgrano 505, San Pedro, Buenos Aires. En caso de qu\u00f3rum insuficiente [&hellip;]<\/p>\n","protected":false},"author":4,"featured_media":96379,"comment_status":"closed","ping_status":"closed","sticky":false,"template":"","format":"standard","meta":{"om_disable_all_campaigns":false,"_jetpack_memberships_contains_paid_content":false,"footnotes":""},"categories":[678,676],"tags":[],"class_list":["post-96378","post","type-post","status-publish","format-standard","has-post-thumbnail","hentry","category-convocatorias","category-edictos"],"aioseo_notices":[],"gutentor_comment":0,"jetpack_featured_media_url":"https:\/\/eldiariodesanpedro.com.ar\/sitio\/wp-content\/uploads\/2021\/07\/Clinica-San-Pedro-Srl-Convocatoria-26-07-2020.jpg","jetpack_shortlink":"https:\/\/wp.me\/p6RhLt-p4u","jetpack_sharing_enabled":true,"_links":{"self":[{"href":"https:\/\/eldiariodesanpedro.com.ar\/sitio\/wp-json\/wp\/v2\/posts\/96378","targetHints":{"allow":["GET"]}}],"collection":[{"href":"https:\/\/eldiariodesanpedro.com.ar\/sitio\/wp-json\/wp\/v2\/posts"}],"about":[{"href":"https:\/\/eldiariodesanpedro.com.ar\/sitio\/wp-json\/wp\/v2\/types\/post"}],"author":[{"embeddable":true,"href":"https:\/\/eldiariodesanpedro.com.ar\/sitio\/wp-json\/wp\/v2\/users\/4"}],"replies":[{"embeddable":true,"href":"https:\/\/eldiariodesanpedro.com.ar\/sitio\/wp-json\/wp\/v2\/comments?post=96378"}],"version-history":[{"count":1,"href":"https:\/\/eldiariodesanpedro.com.ar\/sitio\/wp-json\/wp\/v2\/posts\/96378\/revisions"}],"predecessor-version":[{"id":96380,"href":"https:\/\/eldiariodesanpedro.com.ar\/sitio\/wp-json\/wp\/v2\/posts\/96378\/revisions\/96380"}],"wp:featuredmedia":[{"embeddable":true,"href":"https:\/\/eldiariodesanpedro.com.ar\/sitio\/wp-json\/wp\/v2\/media\/96379"}],"wp:attachment":[{"href":"https:\/\/eldiariodesanpedro.com.ar\/sitio\/wp-json\/wp\/v2\/media?parent=96378"}],"wp:term":[{"taxonomy":"category","embeddable":true,"href":"https:\/\/eldiariodesanpedro.com.ar\/sitio\/wp-json\/wp\/v2\/categories?post=96378"},{"taxonomy":"post_tag","embeddable":true,"href":"https:\/\/eldiariodesanpedro.com.ar\/sitio\/wp-json\/wp\/v2\/tags?post=96378"}],"curies":[{"name":"wp","href":"https:\/\/api.w.org\/{rel}","templated":true}]}}