{"id":96375,"date":"2021-07-26T19:34:56","date_gmt":"2021-07-26T22:34:56","guid":{"rendered":"https:\/\/eldiariodesanpedro.com.ar\/sitio\/?p=96375"},"modified":"2021-07-26T19:35:01","modified_gmt":"2021-07-26T22:35:01","slug":"solidaridad-colecta-de-juguetes-en-el-vacunatorio-para-el-proximo-dia-delas-infancias","status":"publish","type":"post","link":"https:\/\/eldiariodesanpedro.com.ar\/sitio\/solidaridad-colecta-de-juguetes-en-el-vacunatorio-para-el-proximo-dia-delas-infancias\/","title":{"rendered":"Solidaridad: Colecta de juguetes en el vacunatorio para el pr\u00f3ximo d\u00eda delas infancias"},"content":{"rendered":"<!-- VideographyWP Plugin Message: Automatic video embedding prevented by plugin options. -->\n\n<p>Los trabajadores que se encuentran llevando a cabo la vacunaci\u00f3n en el centro de Jubilados invitan a la comunidad a llevar un juguete para repartir el pr\u00f3ximo d\u00eda del ni\u00f1o en diferentes plazas donde se realizara tambi\u00e9n una campa\u00f1a de vacunaci\u00f3n.  <\/p>\n\n\n\n<p><em>Invitamos a todos los vecinos de San Pedro a sumarse a esta nueva iniciativa desarrollada por los trabajadores de la salud de este vacunatorio.<br>Por ello, te invitamos a colaborar y te esperamos en nuestra posta sanitaria del Club de Jubilados de calle Salta y 9 de Julio de 9 a 18hs para alcanzar tu juguete y sumarte.<br>Los juguetes recolectados ser\u00e1n brindados en las jornadas de vacunaci\u00f3n que se realizar\u00e1n en esa fecha en las plazas de nuestra ciudad.<br>Porque creemos que en tiempos de pandemia la salud mental en la ni\u00f1ez tambi\u00e9n es importante.<\/em><\/p>\n\n\n\n<iframe data-src=\"https:\/\/www.facebook.com\/plugins\/post.php?href=https%3A%2F%2Fwww.facebook.com%2Fcamila.caballero.904750%2Fposts%2F668037157926689&#038;show_text=true&#038;width=500\" width=\"500\" height=\"678\" style=\"border:none;overflow:hidden\" scrolling=\"no\" frameborder=\"0\" allowfullscreen=\"true\" allow=\"autoplay; clipboard-write; encrypted-media; picture-in-picture; web-share\" src=\"data:image\/svg+xml;base64,PHN2ZyB3aWR0aD0iMSIgaGVpZ2h0PSIxIiB4bWxucz0iaHR0cDovL3d3dy53My5vcmcvMjAwMC9zdmciPjwvc3ZnPg==\" class=\"lazyload\" data-load-mode=\"1\"><\/iframe>\n","protected":false},"excerpt":{"rendered":"<p>Los trabajadores que se encuentran llevando a cabo la vacunaci\u00f3n en el centro de Jubilados invitan a la comunidad a llevar un juguete para repartir el pr\u00f3ximo d\u00eda del ni\u00f1o en diferentes plazas donde se realizara tambi\u00e9n una campa\u00f1a de vacunaci\u00f3n. Invitamos a todos los vecinos de San Pedro a sumarse a esta nueva iniciativa [&hellip;]<\/p>\n","protected":false},"author":4,"featured_media":96376,"comment_status":"closed","ping_status":"closed","sticky":false,"template":"","format":"standard","meta":{"om_disable_all_campaigns":false,"_jetpack_memberships_contains_paid_content":false,"footnotes":""},"categories":[101,2],"tags":[],"class_list":["post-96375","post","type-post","status-publish","format-standard","has-post-thumbnail","hentry","category-interes-general-locales","category-locales"],"aioseo_notices":[],"gutentor_comment":0,"jetpack_featured_media_url":"https:\/\/eldiariodesanpedro.com.ar\/sitio\/wp-content\/uploads\/2021\/07\/219688936_668037134593358_7022323976784088444_n.jpg","jetpack_shortlink":"https:\/\/wp.me\/p6RhLt-p4r","jetpack_sharing_enabled":true,"_links":{"self":[{"href":"https:\/\/eldiariodesanpedro.com.ar\/sitio\/wp-json\/wp\/v2\/posts\/96375","targetHints":{"allow":["GET"]}}],"collection":[{"href":"https:\/\/eldiariodesanpedro.com.ar\/sitio\/wp-json\/wp\/v2\/posts"}],"about":[{"href":"https:\/\/eldiariodesanpedro.com.ar\/sitio\/wp-json\/wp\/v2\/types\/post"}],"author":[{"embeddable":true,"href":"https:\/\/eldiariodesanpedro.com.ar\/sitio\/wp-json\/wp\/v2\/users\/4"}],"replies":[{"embeddable":true,"href":"https:\/\/eldiariodesanpedro.com.ar\/sitio\/wp-json\/wp\/v2\/comments?post=96375"}],"version-history":[{"count":1,"href":"https:\/\/eldiariodesanpedro.com.ar\/sitio\/wp-json\/wp\/v2\/posts\/96375\/revisions"}],"predecessor-version":[{"id":96377,"href":"https:\/\/eldiariodesanpedro.com.ar\/sitio\/wp-json\/wp\/v2\/posts\/96375\/revisions\/96377"}],"wp:featuredmedia":[{"embeddable":true,"href":"https:\/\/eldiariodesanpedro.com.ar\/sitio\/wp-json\/wp\/v2\/media\/96376"}],"wp:attachment":[{"href":"https:\/\/eldiariodesanpedro.com.ar\/sitio\/wp-json\/wp\/v2\/media?parent=96375"}],"wp:term":[{"taxonomy":"category","embeddable":true,"href":"https:\/\/eldiariodesanpedro.com.ar\/sitio\/wp-json\/wp\/v2\/categories?post=96375"},{"taxonomy":"post_tag","embeddable":true,"href":"https:\/\/eldiariodesanpedro.com.ar\/sitio\/wp-json\/wp\/v2\/tags?post=96375"}],"curies":[{"name":"wp","href":"https:\/\/api.w.org\/{rel}","templated":true}]}}