{"id":96365,"date":"2021-07-26T19:02:21","date_gmt":"2021-07-26T22:02:21","guid":{"rendered":"https:\/\/eldiariodesanpedro.com.ar\/sitio\/?p=96365"},"modified":"2021-07-26T19:02:25","modified_gmt":"2021-07-26T22:02:25","slug":"trenes-pasajes-por-web-sin-cargo-para-quienes-estan-registrados-en-la-agencia-nacional-de-discapacidad","status":"publish","type":"post","link":"https:\/\/eldiariodesanpedro.com.ar\/sitio\/trenes-pasajes-por-web-sin-cargo-para-quienes-estan-registrados-en-la-agencia-nacional-de-discapacidad\/","title":{"rendered":"Trenes: Pasajes por web sin cargo para quienes est\u00e1n registrados en la Agencia Nacional de Discapacidad"},"content":{"rendered":"<!-- VideographyWP Plugin Message: Automatic video embedding prevented by plugin options. -->\n\n<p>Por medio de la Secretar\u00eda de Desarrollo Humano, el \u00e1rea de Discapacidad informa que las persona que posean el Certificado \u00danico de Discapacidad (CUD) o Certificado del INCUCAI podr\u00e1n adquirir sus pasajes sin cargo para los servicios de larga distancia a trav\u00e9s del sitio web www.argentina.gob.ar\/transporte\/trenes sin necesidad de tener que acercarse en forma presencial a los puntos de venta.<\/p>\n\n\n\n<p>Para iniciar la compra, el beneficiario deber\u00e1 ingresar su n\u00famero de documento y su informaci\u00f3n se contrastar\u00e1 con la base de datos de la Agencia Nacional de Discapacidad (ANDIS) para permitir la emisi\u00f3n de pasajes, siempre y cuando haya disponibilidad para el servicio seleccionado. Si el CUD indica que la persona debe viajar con acompa\u00f1ante, el sistema permitir\u00e1 tambi\u00e9n la adquisici\u00f3n del ticket para otra persona sin costo.<\/p>\n\n\n\n<p>Para mayor informaci\u00f3n o realizar consultas al respecto se pueden acercar a la Secretar\u00eda de Desarrollo Humano ubicada en la intersecci\u00f3n de las calles Oliveira Cesar y Rivadavia.<\/p>\n","protected":false},"excerpt":{"rendered":"<p>Por medio de la Secretar\u00eda de Desarrollo Humano, el \u00e1rea de Discapacidad informa que las persona que posean el Certificado \u00danico de Discapacidad (CUD) o Certificado del INCUCAI podr\u00e1n adquirir sus pasajes sin cargo para los servicios de larga distancia a trav\u00e9s del sitio web www.argentina.gob.ar\/transporte\/trenes sin necesidad de tener que acercarse en forma presencial [&hellip;]<\/p>\n","protected":false},"author":4,"featured_media":96366,"comment_status":"closed","ping_status":"closed","sticky":false,"template":"","format":"standard","meta":{"om_disable_all_campaigns":false,"_jetpack_memberships_contains_paid_content":false,"footnotes":""},"categories":[101,2],"tags":[],"class_list":["post-96365","post","type-post","status-publish","format-standard","has-post-thumbnail","hentry","category-interes-general-locales","category-locales"],"aioseo_notices":[],"gutentor_comment":0,"jetpack_featured_media_url":"https:\/\/eldiariodesanpedro.com.ar\/sitio\/wp-content\/uploads\/2021\/07\/tren1-780x470-1.jpg","jetpack_shortlink":"https:\/\/wp.me\/p6RhLt-p4h","jetpack_sharing_enabled":true,"_links":{"self":[{"href":"https:\/\/eldiariodesanpedro.com.ar\/sitio\/wp-json\/wp\/v2\/posts\/96365","targetHints":{"allow":["GET"]}}],"collection":[{"href":"https:\/\/eldiariodesanpedro.com.ar\/sitio\/wp-json\/wp\/v2\/posts"}],"about":[{"href":"https:\/\/eldiariodesanpedro.com.ar\/sitio\/wp-json\/wp\/v2\/types\/post"}],"author":[{"embeddable":true,"href":"https:\/\/eldiariodesanpedro.com.ar\/sitio\/wp-json\/wp\/v2\/users\/4"}],"replies":[{"embeddable":true,"href":"https:\/\/eldiariodesanpedro.com.ar\/sitio\/wp-json\/wp\/v2\/comments?post=96365"}],"version-history":[{"count":1,"href":"https:\/\/eldiariodesanpedro.com.ar\/sitio\/wp-json\/wp\/v2\/posts\/96365\/revisions"}],"predecessor-version":[{"id":96367,"href":"https:\/\/eldiariodesanpedro.com.ar\/sitio\/wp-json\/wp\/v2\/posts\/96365\/revisions\/96367"}],"wp:featuredmedia":[{"embeddable":true,"href":"https:\/\/eldiariodesanpedro.com.ar\/sitio\/wp-json\/wp\/v2\/media\/96366"}],"wp:attachment":[{"href":"https:\/\/eldiariodesanpedro.com.ar\/sitio\/wp-json\/wp\/v2\/media?parent=96365"}],"wp:term":[{"taxonomy":"category","embeddable":true,"href":"https:\/\/eldiariodesanpedro.com.ar\/sitio\/wp-json\/wp\/v2\/categories?post=96365"},{"taxonomy":"post_tag","embeddable":true,"href":"https:\/\/eldiariodesanpedro.com.ar\/sitio\/wp-json\/wp\/v2\/tags?post=96365"}],"curies":[{"name":"wp","href":"https:\/\/api.w.org\/{rel}","templated":true}]}}