{"id":96363,"date":"2021-07-26T18:44:19","date_gmt":"2021-07-26T21:44:19","guid":{"rendered":"https:\/\/eldiariodesanpedro.com.ar\/sitio\/?p=96363"},"modified":"2021-07-26T18:44:24","modified_gmt":"2021-07-26T21:44:24","slug":"coopser-informa-corte-de-energia-programado-para-este-martes","status":"publish","type":"post","link":"https:\/\/eldiariodesanpedro.com.ar\/sitio\/coopser-informa-corte-de-energia-programado-para-este-martes\/","title":{"rendered":"Coopser informa corte de energ\u00eda programado para este martes"},"content":{"rendered":"<!-- VideographyWP Plugin Message: Automatic video embedding prevented by plugin options. -->\n\n<p>Coopser informa que ma\u00f1ana&nbsp;<strong>martes 27 de julio entre las 7:30 y las 13:30<\/strong>&nbsp;se cumplir\u00e1 con un corte de energ\u00eda programado para realizar tareas de mantenimiento.<\/p>\n\n\n\n<p>Comprender\u00e1 la zona de&nbsp;<strong>Callej\u00f3n Arana, Bajo Campod\u00f3nico y Bajo Tala.<\/strong><\/p>\n\n\n\n<p><strong>En caso de lluvia se reprogramar\u00e1<\/strong><\/p>\n","protected":false},"excerpt":{"rendered":"<p>Coopser informa que ma\u00f1ana&nbsp;martes 27 de julio entre las 7:30 y las 13:30&nbsp;se cumplir\u00e1 con un corte de energ\u00eda programado para realizar tareas de mantenimiento. Comprender\u00e1 la zona de&nbsp;Callej\u00f3n Arana, Bajo Campod\u00f3nico y Bajo Tala. En caso de lluvia se reprogramar\u00e1<\/p>\n","protected":false},"author":4,"featured_media":68312,"comment_status":"closed","ping_status":"closed","sticky":false,"template":"","format":"standard","meta":{"om_disable_all_campaigns":false,"_jetpack_memberships_contains_paid_content":false,"footnotes":""},"categories":[101,2],"tags":[],"class_list":["post-96363","post","type-post","status-publish","format-standard","has-post-thumbnail","hentry","category-interes-general-locales","category-locales"],"aioseo_notices":[],"gutentor_comment":0,"jetpack_featured_media_url":"https:\/\/eldiariodesanpedro.com.ar\/sitio\/wp-content\/uploads\/2020\/02\/coopser1.png","jetpack_shortlink":"https:\/\/wp.me\/p6RhLt-p4f","jetpack_sharing_enabled":true,"_links":{"self":[{"href":"https:\/\/eldiariodesanpedro.com.ar\/sitio\/wp-json\/wp\/v2\/posts\/96363","targetHints":{"allow":["GET"]}}],"collection":[{"href":"https:\/\/eldiariodesanpedro.com.ar\/sitio\/wp-json\/wp\/v2\/posts"}],"about":[{"href":"https:\/\/eldiariodesanpedro.com.ar\/sitio\/wp-json\/wp\/v2\/types\/post"}],"author":[{"embeddable":true,"href":"https:\/\/eldiariodesanpedro.com.ar\/sitio\/wp-json\/wp\/v2\/users\/4"}],"replies":[{"embeddable":true,"href":"https:\/\/eldiariodesanpedro.com.ar\/sitio\/wp-json\/wp\/v2\/comments?post=96363"}],"version-history":[{"count":1,"href":"https:\/\/eldiariodesanpedro.com.ar\/sitio\/wp-json\/wp\/v2\/posts\/96363\/revisions"}],"predecessor-version":[{"id":96364,"href":"https:\/\/eldiariodesanpedro.com.ar\/sitio\/wp-json\/wp\/v2\/posts\/96363\/revisions\/96364"}],"wp:featuredmedia":[{"embeddable":true,"href":"https:\/\/eldiariodesanpedro.com.ar\/sitio\/wp-json\/wp\/v2\/media\/68312"}],"wp:attachment":[{"href":"https:\/\/eldiariodesanpedro.com.ar\/sitio\/wp-json\/wp\/v2\/media?parent=96363"}],"wp:term":[{"taxonomy":"category","embeddable":true,"href":"https:\/\/eldiariodesanpedro.com.ar\/sitio\/wp-json\/wp\/v2\/categories?post=96363"},{"taxonomy":"post_tag","embeddable":true,"href":"https:\/\/eldiariodesanpedro.com.ar\/sitio\/wp-json\/wp\/v2\/tags?post=96363"}],"curies":[{"name":"wp","href":"https:\/\/api.w.org\/{rel}","templated":true}]}}