{"id":96314,"date":"2021-07-26T10:42:35","date_gmt":"2021-07-26T13:42:35","guid":{"rendered":"https:\/\/eldiariodesanpedro.com.ar\/sitio\/?p=96314"},"modified":"2021-07-26T10:42:43","modified_gmt":"2021-07-26T13:42:43","slug":"mensaje-del-circulo-en-agradecimiento-a-las-cuadrillas-covid-ante-el-cambio-de-modalidad","status":"publish","type":"post","link":"https:\/\/eldiariodesanpedro.com.ar\/sitio\/mensaje-del-circulo-en-agradecimiento-a-las-cuadrillas-covid-ante-el-cambio-de-modalidad\/","title":{"rendered":"Mensaje del Circulo en agradecimiento a las cuadrillas Covid ante el cambio de modalidad"},"content":{"rendered":"<!-- VideographyWP Plugin Message: Automatic video embedding prevented by plugin options. -->\n\n<p>El circulo medico de San Pedro emiti\u00f3 un comunicado para agradecer la labor realizada a las cuadrillas covid que durante todos los meses pasados se ocuparon del seguimiento de las personas infectadas con coronavirus.<\/p>\n\n\n\n<p><em>All\u00e1 por marzo del 2020 se gest\u00f3 entre un grupo de m\u00e9dicos liderados por quien era entonces Secretario de Salud Dr. Guillermo Sancho y continuando con el actual Secretario de Salud Dr. Daniel Creus, algo que trascender\u00eda nuestra ciudad y seria modelo de acompa\u00f1amiento para muchas otras ciudades, \u201clos seguimientos telef\u00f3nicos\u201d.<\/em><br><em>Conociendo nuestra poblaci\u00f3n, el n\u00famero de camas disponibles y tsunami de contagios que se avecinaba, el sistema de salud de San Pedro, en uni\u00f3n entre los sectores p\u00fablico y privado, se sent\u00f3 a analizar cu\u00e1l ser\u00eda la mejor manera de contrarrestar esta contingencia COVID.<\/em><br><em>As\u00ed, en una mezcla de responsabilidad, llamado solidario y necesidad, la gran mayor\u00eda de los agentes sanitarios de nuestra ciudad (m\u00e9dicos, bioqu\u00edmicos, enfermeros, trabajadores sociales, kinesi\u00f3logos, psic\u00f3logos) se unieron para lograr el orden que mejorar\u00eda la atenci\u00f3n de los pacientes de San pedro en las distintas \u00e1reas.<\/em><br><em>De este modo, logramos articular los roles de cada uno: evaluar presencialmente a los pacientes, diagnosticar y controlar en ambulatorio o internaci\u00f3n, y acompa\u00f1arlos a ellos y a sus familias en el transitar la enfermedad en sus hogares.<\/em><br><em>Nos propusimos as\u00ed, cuidar de nuestros vecinos infectados, de sus familias, aislarlos a ellos y a sus contactos estrechos para evitar la posterior diseminaci\u00f3n viral.<\/em><br><em>Pero nos dimos cuenta que eso solo no bastaba, que la gente aislada no contaba muchas veces con todos los recursos necesarios para llevar adelante la enfermedad y el aislamiento.<\/em><br><em>Fue ah\u00ed, cuando empezamos a pedir la COLABORACION de otros y all\u00ed fue cuando las maravillas y las demostraciones de empat\u00eda se empezaron a hacer presentes y permitieron que los seguimientos telef\u00f3nicos pudieran sostenerse en el tiempo.<\/em><br><em>Conociendo en ese camino personas con coraz\u00f3n gigante que desinteresadamente aporto su granito de arena para hacer de esta modalidad algo eficiente y sostenible.<\/em><br><em>Desde la Municipalidad, todas las \u00e1reas se prestaron a colaborar, alimentos, f\u00e1rmacos, trabajadores sociales, psic\u00f3logos o terapeutas. Llevar y traer gente o insumos\u2026.\u201dlo que la gente necesite\u2026\u201d escuch\u00e1bamos.<\/em><br><em>Y luego de ellos\u2026otros, pacientes que hab\u00edan pasado la enfermedad, docentes, personal de salud de otras \u00e1reas, vecinos, pol\u00edticos y as\u00ed un sin n\u00famero de personas quisieron sumarse a lo que para ese entonces eran LAS CUADRILLAS.<\/em><br><em>Las cuadrillas pasaron a ser CONTENCION, SOSTEN Y ACOMPANAMIENTO para quienes transitaban la enfermedad.<\/em><br><em>Encabezadas por un n\u00famero de m\u00e9dicos y colmadas de VOLUNTARIOS que se sumaron a aprender de Covid, a hablar de tos, fiebre, budesonide, corticoides que numero de d\u00eda esta y a donde lo mandamos.<\/em><br><em>La gente aprendi\u00f3 del Covid para ayudar a otra gente. Sin dudas a lo largo de estos meses hemos cometido un sinf\u00edn de errores, pero sin voluntad de hacerlos y con el mero deseo de ser \u00fatiles y emp\u00e1ticos con el otro.<\/em><br><em>Se ha alimentado, medicado, controlado en domicilio, llevado en ambulancia, remis, auto o moto a los pacientes sin movilidad, se han hecho miles de llamados o video llamados, se ha articulado con m\u00e9dicos de internaci\u00f3n en las \u00e1reas p\u00fablicas y privadas.<\/em><br><em>Se ha logrado la unidad de AMBOS sectores de salud y de la comunidad entera con los agentes sanitarios.<\/em><br><em>Quienes formamos Cuadrillas, queremos AGRADECER a TODA nuestra comunidad.<\/em><br><em>Por las ganas de sumarse, por el tiempo invertido, por la responsabilidad, por la escucha y ganas de sostener a otros. Quien pasa el Covid est\u00e1 angustiado, est\u00e1 asustado, no entiende que puede pasar y para eso estuvieron las cuadrillas. Para acompa\u00f1ar y guiar en el transitar de esta enfermedad.<\/em><br><em>El Covid lleg\u00f3 para quedarse, ya lo sabemos y entendemos que nos toca estar ahora M\u00c1S cerca de nuestros pacientes. Y sabemos que contamos ya con un ej\u00e9rcito de seguidores dispuestos a seguir haci\u00e9ndolo. Porque acompa\u00f1ar a quien sufre es lo m\u00e1s humano que podemos lograr. Y el Covid, nos ha dado, adem\u00e1s de quitarnos. Nos dio sentimiento de empat\u00eda y compromiso por el resto.<\/em><br><em>Desde este lunes la modalidad de seguimiento cambia, porque el COVID tambi\u00e9n ingresa en nuevas etapas. Por ello queremos compartir adem\u00e1s de este agradecimiento, algunas im\u00e1genes que seguramente excluyen a muchos, pero que est\u00e1n representados por este \u00e1lbum que quedar\u00e1 en nuestra historia.<\/em><br><em>(En esta y en pr\u00f3ximas publicaciones seguiremos subiendo fotos, videos y la lista completa de quienes han sido parte de esta GRAN HISTORIA)<\/em><br><em>Una vez m\u00e1s, GRACIAS A TODOS<\/em><\/p>\n\n\n\n<figure class=\"wp-block-image size-large\"><img decoding=\"async\" width=\"1024\" height=\"768\" data-attachment-id=\"96316\" data-permalink=\"https:\/\/eldiariodesanpedro.com.ar\/sitio\/mensaje-del-circulo-en-agradecimiento-a-las-cuadrillas-covid-ante-el-cambio-de-modalidad\/219925257_3070794169808679_3300529353030028482_n\/\" data-orig-file=\"https:\/\/eldiariodesanpedro.com.ar\/sitio\/wp-content\/uploads\/2021\/07\/219925257_3070794169808679_3300529353030028482_n.jpg\" data-orig-size=\"1280,960\" data-comments-opened=\"0\" data-image-meta=\"{&quot;aperture&quot;:&quot;0&quot;,&quot;credit&quot;:&quot;&quot;,&quot;camera&quot;:&quot;&quot;,&quot;caption&quot;:&quot;&quot;,&quot;created_timestamp&quot;:&quot;0&quot;,&quot;copyright&quot;:&quot;&quot;,&quot;focal_length&quot;:&quot;0&quot;,&quot;iso&quot;:&quot;0&quot;,&quot;shutter_speed&quot;:&quot;0&quot;,&quot;title&quot;:&quot;&quot;,&quot;orientation&quot;:&quot;0&quot;}\" data-image-title=\"219925257_3070794169808679_3300529353030028482_n\" data-image-description=\"\" data-image-caption=\"\" data-large-file=\"https:\/\/eldiariodesanpedro.com.ar\/sitio\/wp-content\/uploads\/2021\/07\/219925257_3070794169808679_3300529353030028482_n-1024x768.jpg\" data-src=\"https:\/\/eldiariodesanpedro.com.ar\/sitio\/wp-content\/uploads\/2021\/07\/219925257_3070794169808679_3300529353030028482_n-1024x768.jpg\" alt=\"\" class=\"wp-image-96316 lazyload\" data-srcset=\"https:\/\/eldiariodesanpedro.com.ar\/sitio\/wp-content\/uploads\/2021\/07\/219925257_3070794169808679_3300529353030028482_n-1024x768.jpg 1024w, https:\/\/eldiariodesanpedro.com.ar\/sitio\/wp-content\/uploads\/2021\/07\/219925257_3070794169808679_3300529353030028482_n-300x225.jpg 300w, https:\/\/eldiariodesanpedro.com.ar\/sitio\/wp-content\/uploads\/2021\/07\/219925257_3070794169808679_3300529353030028482_n-768x576.jpg 768w, https:\/\/eldiariodesanpedro.com.ar\/sitio\/wp-content\/uploads\/2021\/07\/219925257_3070794169808679_3300529353030028482_n-500x375.jpg 500w, https:\/\/eldiariodesanpedro.com.ar\/sitio\/wp-content\/uploads\/2021\/07\/219925257_3070794169808679_3300529353030028482_n.jpg 1280w\" data-sizes=\"(max-width: 1024px) 100vw, 1024px\" src=\"data:image\/svg+xml;base64,PHN2ZyB3aWR0aD0iMSIgaGVpZ2h0PSIxIiB4bWxucz0iaHR0cDovL3d3dy53My5vcmcvMjAwMC9zdmciPjwvc3ZnPg==\" style=\"--smush-placeholder-width: 1024px; --smush-placeholder-aspect-ratio: 1024\/768;\" \/><\/figure>\n\n\n\n<figure class=\"wp-block-image size-large\"><img decoding=\"async\" width=\"1024\" height=\"576\" data-attachment-id=\"96317\" data-permalink=\"https:\/\/eldiariodesanpedro.com.ar\/sitio\/mensaje-del-circulo-en-agradecimiento-a-las-cuadrillas-covid-ante-el-cambio-de-modalidad\/222912146_3070794056475357_3905745642707363337_n\/\" data-orig-file=\"https:\/\/eldiariodesanpedro.com.ar\/sitio\/wp-content\/uploads\/2021\/07\/222912146_3070794056475357_3905745642707363337_n.jpg\" data-orig-size=\"1280,720\" data-comments-opened=\"0\" data-image-meta=\"{&quot;aperture&quot;:&quot;0&quot;,&quot;credit&quot;:&quot;&quot;,&quot;camera&quot;:&quot;&quot;,&quot;caption&quot;:&quot;&quot;,&quot;created_timestamp&quot;:&quot;0&quot;,&quot;copyright&quot;:&quot;&quot;,&quot;focal_length&quot;:&quot;0&quot;,&quot;iso&quot;:&quot;0&quot;,&quot;shutter_speed&quot;:&quot;0&quot;,&quot;title&quot;:&quot;&quot;,&quot;orientation&quot;:&quot;0&quot;}\" data-image-title=\"222912146_3070794056475357_3905745642707363337_n\" data-image-description=\"\" data-image-caption=\"\" data-large-file=\"https:\/\/eldiariodesanpedro.com.ar\/sitio\/wp-content\/uploads\/2021\/07\/222912146_3070794056475357_3905745642707363337_n-1024x576.jpg\" data-src=\"https:\/\/eldiariodesanpedro.com.ar\/sitio\/wp-content\/uploads\/2021\/07\/222912146_3070794056475357_3905745642707363337_n-1024x576.jpg\" alt=\"\" class=\"wp-image-96317 lazyload\" data-srcset=\"https:\/\/eldiariodesanpedro.com.ar\/sitio\/wp-content\/uploads\/2021\/07\/222912146_3070794056475357_3905745642707363337_n-1024x576.jpg 1024w, https:\/\/eldiariodesanpedro.com.ar\/sitio\/wp-content\/uploads\/2021\/07\/222912146_3070794056475357_3905745642707363337_n-300x169.jpg 300w, https:\/\/eldiariodesanpedro.com.ar\/sitio\/wp-content\/uploads\/2021\/07\/222912146_3070794056475357_3905745642707363337_n-768x432.jpg 768w, https:\/\/eldiariodesanpedro.com.ar\/sitio\/wp-content\/uploads\/2021\/07\/222912146_3070794056475357_3905745642707363337_n-800x450.jpg 800w, https:\/\/eldiariodesanpedro.com.ar\/sitio\/wp-content\/uploads\/2021\/07\/222912146_3070794056475357_3905745642707363337_n.jpg 1280w\" data-sizes=\"(max-width: 1024px) 100vw, 1024px\" src=\"data:image\/svg+xml;base64,PHN2ZyB3aWR0aD0iMSIgaGVpZ2h0PSIxIiB4bWxucz0iaHR0cDovL3d3dy53My5vcmcvMjAwMC9zdmciPjwvc3ZnPg==\" style=\"--smush-placeholder-width: 1024px; --smush-placeholder-aspect-ratio: 1024\/576;\" \/><\/figure>\n\n\n\n<figure class=\"wp-block-image size-large\"><img decoding=\"async\" width=\"1024\" height=\"576\" data-attachment-id=\"96318\" data-permalink=\"https:\/\/eldiariodesanpedro.com.ar\/sitio\/mensaje-del-circulo-en-agradecimiento-a-las-cuadrillas-covid-ante-el-cambio-de-modalidad\/223172625_3070794176475345_211250299927254741_n\/\" data-orig-file=\"https:\/\/eldiariodesanpedro.com.ar\/sitio\/wp-content\/uploads\/2021\/07\/223172625_3070794176475345_211250299927254741_n.jpg\" data-orig-size=\"1280,720\" data-comments-opened=\"0\" data-image-meta=\"{&quot;aperture&quot;:&quot;0&quot;,&quot;credit&quot;:&quot;&quot;,&quot;camera&quot;:&quot;&quot;,&quot;caption&quot;:&quot;&quot;,&quot;created_timestamp&quot;:&quot;0&quot;,&quot;copyright&quot;:&quot;&quot;,&quot;focal_length&quot;:&quot;0&quot;,&quot;iso&quot;:&quot;0&quot;,&quot;shutter_speed&quot;:&quot;0&quot;,&quot;title&quot;:&quot;&quot;,&quot;orientation&quot;:&quot;0&quot;}\" data-image-title=\"223172625_3070794176475345_211250299927254741_n\" data-image-description=\"\" data-image-caption=\"\" data-large-file=\"https:\/\/eldiariodesanpedro.com.ar\/sitio\/wp-content\/uploads\/2021\/07\/223172625_3070794176475345_211250299927254741_n-1024x576.jpg\" data-src=\"https:\/\/eldiariodesanpedro.com.ar\/sitio\/wp-content\/uploads\/2021\/07\/223172625_3070794176475345_211250299927254741_n-1024x576.jpg\" alt=\"\" class=\"wp-image-96318 lazyload\" data-srcset=\"https:\/\/eldiariodesanpedro.com.ar\/sitio\/wp-content\/uploads\/2021\/07\/223172625_3070794176475345_211250299927254741_n-1024x576.jpg 1024w, https:\/\/eldiariodesanpedro.com.ar\/sitio\/wp-content\/uploads\/2021\/07\/223172625_3070794176475345_211250299927254741_n-300x169.jpg 300w, https:\/\/eldiariodesanpedro.com.ar\/sitio\/wp-content\/uploads\/2021\/07\/223172625_3070794176475345_211250299927254741_n-768x432.jpg 768w, https:\/\/eldiariodesanpedro.com.ar\/sitio\/wp-content\/uploads\/2021\/07\/223172625_3070794176475345_211250299927254741_n-800x450.jpg 800w, https:\/\/eldiariodesanpedro.com.ar\/sitio\/wp-content\/uploads\/2021\/07\/223172625_3070794176475345_211250299927254741_n.jpg 1280w\" data-sizes=\"(max-width: 1024px) 100vw, 1024px\" src=\"data:image\/svg+xml;base64,PHN2ZyB3aWR0aD0iMSIgaGVpZ2h0PSIxIiB4bWxucz0iaHR0cDovL3d3dy53My5vcmcvMjAwMC9zdmciPjwvc3ZnPg==\" style=\"--smush-placeholder-width: 1024px; --smush-placeholder-aspect-ratio: 1024\/576;\" \/><\/figure>\n","protected":false},"excerpt":{"rendered":"<p>El circulo medico de San Pedro emiti\u00f3 un comunicado para agradecer la labor realizada a las cuadrillas covid que durante todos los meses pasados se ocuparon del seguimiento de las personas infectadas con coronavirus. All\u00e1 por marzo del 2020 se gest\u00f3 entre un grupo de m\u00e9dicos liderados por quien era entonces Secretario de Salud Dr. [&hellip;]<\/p>\n","protected":false},"author":4,"featured_media":96315,"comment_status":"closed","ping_status":"closed","sticky":false,"template":"","format":"standard","meta":{"om_disable_all_campaigns":false,"_jetpack_memberships_contains_paid_content":false,"footnotes":""},"categories":[50,101,2],"tags":[],"class_list":["post-96314","post","type-post","status-publish","format-standard","has-post-thumbnail","hentry","category-destacadas","category-interes-general-locales","category-locales"],"aioseo_notices":[],"gutentor_comment":0,"jetpack_featured_media_url":"https:\/\/eldiariodesanpedro.com.ar\/sitio\/wp-content\/uploads\/2021\/07\/220181867_3070794086475354_5580802939387882793_n.jpg","jetpack_shortlink":"https:\/\/wp.me\/p6RhLt-p3s","jetpack_sharing_enabled":true,"_links":{"self":[{"href":"https:\/\/eldiariodesanpedro.com.ar\/sitio\/wp-json\/wp\/v2\/posts\/96314","targetHints":{"allow":["GET"]}}],"collection":[{"href":"https:\/\/eldiariodesanpedro.com.ar\/sitio\/wp-json\/wp\/v2\/posts"}],"about":[{"href":"https:\/\/eldiariodesanpedro.com.ar\/sitio\/wp-json\/wp\/v2\/types\/post"}],"author":[{"embeddable":true,"href":"https:\/\/eldiariodesanpedro.com.ar\/sitio\/wp-json\/wp\/v2\/users\/4"}],"replies":[{"embeddable":true,"href":"https:\/\/eldiariodesanpedro.com.ar\/sitio\/wp-json\/wp\/v2\/comments?post=96314"}],"version-history":[{"count":1,"href":"https:\/\/eldiariodesanpedro.com.ar\/sitio\/wp-json\/wp\/v2\/posts\/96314\/revisions"}],"predecessor-version":[{"id":96319,"href":"https:\/\/eldiariodesanpedro.com.ar\/sitio\/wp-json\/wp\/v2\/posts\/96314\/revisions\/96319"}],"wp:featuredmedia":[{"embeddable":true,"href":"https:\/\/eldiariodesanpedro.com.ar\/sitio\/wp-json\/wp\/v2\/media\/96315"}],"wp:attachment":[{"href":"https:\/\/eldiariodesanpedro.com.ar\/sitio\/wp-json\/wp\/v2\/media?parent=96314"}],"wp:term":[{"taxonomy":"category","embeddable":true,"href":"https:\/\/eldiariodesanpedro.com.ar\/sitio\/wp-json\/wp\/v2\/categories?post=96314"},{"taxonomy":"post_tag","embeddable":true,"href":"https:\/\/eldiariodesanpedro.com.ar\/sitio\/wp-json\/wp\/v2\/tags?post=96314"}],"curies":[{"name":"wp","href":"https:\/\/api.w.org\/{rel}","templated":true}]}}